{"id":19620,"date":"2021-06-20T21:52:57","date_gmt":"2021-06-21T00:52:57","guid":{"rendered":"https:\/\/www.esportesbrasilia.com.br\/noticias\/?p=19620"},"modified":"2021-06-20T21:52:59","modified_gmt":"2021-06-21T00:52:59","slug":"com-gol-no-fim-venezuela-e-equador-empatam-no-engenhao","status":"publish","type":"post","link":"https:\/\/www.esportesbrasilia.com.br\/noticias\/futebol\/copaamerica2021\/com-gol-no-fim-venezuela-e-equador-empatam-no-engenhao.html","title":{"rendered":"Com gol no fim, Venezuela e Equador empatam no Engenh\u00e3o"},"content":{"rendered":"\n<p>Na rodada em que o Brasil descansou no grupo B, a terceira, Venezuela e Equador fizeram um bom jogo no Engenh\u00e3o neste domingo (20). Nenhuma das duas sele\u00e7\u00f5es ficou muito feliz, pois o empate deixou em aberto a desclassifica\u00e7\u00e3o no grupo B. Com gols dos venezuelanos Castillo e Hern\u00e1ndez e dos equatorianos Preciado e Plata, foi um jogo emocionante do come\u00e7o ao fim.<\/p>\n\n\n\n<p>Na quarta rodada, o Equador enfrentar\u00e1 o Peru na pr\u00f3xima quarta-feira (23) \u00e0s 18h no Ol\u00edmpico, em Goi\u00e2nia, enquanto os Venezuelanos finalmente poder\u00e3o descansar para, na quinta rodada, enfrentar o Peru no Man\u00e9 Garrincha no domingo (27) \u00e0s 18 horas.<\/p>\n\n\n\n<p><strong>Gol de bola parada no fim<\/strong><\/p>\n\n\n\n<p>Como esperado, o Equador come\u00e7ou dominando o jogo e conseguindo a primeira finaliza\u00e7\u00e3o aos 2 minutos, quando M\u00e9ndez chutou de fora da \u00e1rea, mas com muita for\u00e7a e para fora. J\u00e1 aos 3 minutos, quase que Campana abre o placar com um chute rasteiro que carimbou a trave de Fari\u00f1ez. A primeira chegada da \u201cLa Vinotinto\u201d foi aos 7 minutos, com um contra-ataque r\u00e1pido finalizado pela finaliza\u00e7\u00e3o de C\u00e1sseres, com desvio para a sa\u00edda na linha de fundo e o primeiro escanteio para a sele\u00e7\u00e3o de Peseiro.<\/p>\n\n\n\n<p>Os venezuelanos at\u00e9 come\u00e7aram a incomodar o advers\u00e1rio, por\u00e9m sem ser t\u00e3o efetivo a ponto de incomodar. A partida ficou bastante aberta, com algumas chances para os dois lados, mesmo com o gramado do Engenh\u00e3o tentando atrapalhar o andamento da partida. O primeiro gol saiu em lance confuso, mas saiu. No fim da primeira etapa, aos 38 minutos, Estupi\u00f1an levantou na \u00e1rea, e, depois de bate-rebate, Preciado fez o gol.<\/p>\n\n\n\n<p><strong>Venezuela consegue assustar<\/strong><\/p>\n\n\n\n<p>Antes de ser poss\u00edvel entender qual seria o cen\u00e1rio do segundo tempo e se a sele\u00e7\u00e3o treinada por Peseiro tentaria avan\u00e7ar suas linhas, Castillo recebeu cruzamento de Mart\u00ednez e cabeceou bem para empatar rapidamente a partida logo aos 5 minutos. A resposta foi r\u00e1pida, pois, aos 8 minutos, Campana cabeceia bem, mas Fari\u00f1ez defende bem demais evitando um rebote perigoso para o jogador equatoriano.<\/p>\n\n\n\n<p>Ap\u00f3s uma bola na trave da Venezuela aos 24 minutos, quase virando o jogo, Plata botou o Equador na frente mais uma vez. Com uma bel\u00edssima arrancada depois do escanteio advers\u00e1rio, chegou cara-a-cara com Fari\u00f1ez, que defendeu, mas, no rebote, Noboa acabou disputando para a bola sobrar com Plata. O VAR ainda demorou a analisar, mas confirmou o gol. O terceiro gol dos equatorianos quase saiu aos 32 minutos, com Valencia entrando na \u00e1rea e chutando rasteiro para fora. Ainda houve reclama\u00e7\u00e3o de p\u00eanalti no lance.<\/p>\n\n\n\n<p>O que n\u00e3o estava previsto era o empate com gol de cabe\u00e7a de Hern\u00e1ndez nos acr\u00e9scimos do segundo tempo. Lan\u00e7amento bom para o lateral direito cabecear no cantinho e colocar o empate de volta no placar. Ainda teve tempo de Fari\u00f1ez, mais uma vez nesta Copa Am\u00e9rica, salvar a sele\u00e7\u00e3o venezuelana com uma cabe\u00e7ada \u00e0 queima-roupa de Mart\u00ednez aos 50 minutos.<\/p>\n\n\n\n<p class=\"has-text-align-center\"><strong>Copa Am\u00e9rica \u2013 Grupo B &#8211; 3\u00aa Rodada<br>Venezuela 2-2 Equador<br>18\/06\/2021 \u2013 Nilton Santos (Engenh\u00e3o) \u2013 Rio de Janeiro-RJ<\/strong><\/p>\n\n\n\n<p>Arbitragem: Roberto Tob\u00e1r (CHI).<br>Assistente 1: Christian Schiemann (CHI)<br>Assistente 2: Claudio Rios (CHI).<br>4\u00ba \u00e1rbitro: Leodan Gonz\u00e1lez (URU).<\/p>\n\n\n\n<p>Cart\u00f5es Amarelos:<br>Mois\u00e9s Caicedo, Preciado e Valencia (Equador).<\/p>\n\n\n\n<p><strong>Venezuela<\/strong><br>Fari\u00f1ez, Alex Gonz\u00e1lez, Vel\u00e1zquez, Adrian Mart\u00ednez, Del Pino Mago e Cuman\u00e1; Edson Castillo, Moreno (Richard Celis), Jos\u00e9 Mart\u00ednez (Hurtado), C\u00e1sseres (Manzano) e Aristiguieta (C\u00f3rdova).<br>Treinador: Jos\u00e9 Peseiro<\/p>\n\n\n\n<p><strong>Equador<\/strong><br>Ortiz, Preciado, Arboleda, Hincapi\u00e9 e Estupi\u00f1an; Mena (Plata), M\u00e9ndez (Noboa), Caicedo e Preciado (Fidel Mart\u00ednez); Valencia (Alan Franco) e Campana.<br>Treinador: Gustavo Alfaro<\/p>\n","protected":false},"excerpt":{"rendered":"<p>Na rodada em que o Brasil descansou no grupo B, a terceira, Venezuela e Equador fizeram um bom jogo no Engenh\u00e3o neste domingo (20). Nenhuma das duas sele\u00e7\u00f5es ficou muito feliz, pois o empate deixou em aberto a desclassifica\u00e7\u00e3o no grupo B. Com gols dos venezuelanos Castillo e Hern\u00e1ndez e dos equatorianos Preciado e Plata, [&hellip;]<\/p>\n","protected":false},"author":37,"featured_media":19621,"comment_status":"closed","ping_status":"closed","sticky":false,"template":"","format":"standard","meta":{"footnotes":""},"categories":[780],"tags":[],"class_list":["post-19620","post","type-post","status-publish","format-standard","has-post-thumbnail","hentry","category-copaamerica2021"],"_links":{"self":[{"href":"https:\/\/www.esportesbrasilia.com.br\/noticias\/wp-json\/wp\/v2\/posts\/19620","targetHints":{"allow":["GET"]}}],"collection":[{"href":"https:\/\/www.esportesbrasilia.com.br\/noticias\/wp-json\/wp\/v2\/posts"}],"about":[{"href":"https:\/\/www.esportesbrasilia.com.br\/noticias\/wp-json\/wp\/v2\/types\/post"}],"author":[{"embeddable":true,"href":"https:\/\/www.esportesbrasilia.com.br\/noticias\/wp-json\/wp\/v2\/users\/37"}],"replies":[{"embeddable":true,"href":"https:\/\/www.esportesbrasilia.com.br\/noticias\/wp-json\/wp\/v2\/comments?post=19620"}],"version-history":[{"count":1,"href":"https:\/\/www.esportesbrasilia.com.br\/noticias\/wp-json\/wp\/v2\/posts\/19620\/revisions"}],"predecessor-version":[{"id":19622,"href":"https:\/\/www.esportesbrasilia.com.br\/noticias\/wp-json\/wp\/v2\/posts\/19620\/revisions\/19622"}],"wp:featuredmedia":[{"embeddable":true,"href":"https:\/\/www.esportesbrasilia.com.br\/noticias\/wp-json\/wp\/v2\/media\/19621"}],"wp:attachment":[{"href":"https:\/\/www.esportesbrasilia.com.br\/noticias\/wp-json\/wp\/v2\/media?parent=19620"}],"wp:term":[{"taxonomy":"category","embeddable":true,"href":"https:\/\/www.esportesbrasilia.com.br\/noticias\/wp-json\/wp\/v2\/categories?post=19620"},{"taxonomy":"post_tag","embeddable":true,"href":"https:\/\/www.esportesbrasilia.com.br\/noticias\/wp-json\/wp\/v2\/tags?post=19620"}],"curies":[{"name":"wp","href":"https:\/\/api.w.org\/{rel}","templated":true}]}}