{"id":1959,"date":"2016-05-24T00:29:58","date_gmt":"2016-05-24T03:29:58","guid":{"rendered":"http:\/\/www.esportesbrasilia.com.br\/noticias\/?p=1959"},"modified":"2016-05-24T00:29:58","modified_gmt":"2016-05-24T03:29:58","slug":"confira-o-ebnarede-desta-segunda-feira-23-de-maio","status":"publish","type":"post","link":"https:\/\/www.esportesbrasilia.com.br\/noticias\/ebplay\/confira-o-ebnarede-desta-segunda-feira-23-de-maio.html","title":{"rendered":"Confira o #EBnaRede desta segunda-feira, 23 de maio"},"content":{"rendered":"<audio class=\"wp-audio-shortcode\" id=\"audio-1959-1\" preload=\"none\" style=\"width: 100%;\" controls=\"controls\"><source type=\"audio\/mpeg\" src=\"https:\/\/www.esportesbrasilia.com.br\/noticias\/wp-content\/uploads\/EBNaRede_230516.mp3?_=1\" \/><a href=\"https:\/\/www.esportesbrasilia.com.br\/noticias\/wp-content\/uploads\/EBNaRede_230516.mp3\">https:\/\/www.esportesbrasilia.com.br\/noticias\/wp-content\/uploads\/EBNaRede_230516.mp3<\/a><\/audio>\n<p>Acompanhe o programa #EBnaRede desta segunda-feira, dia 23 de maio.<\/p>\n<p>Apresenta\u00e7\u00e3o e edi\u00e7\u00e3o: Rener Lopes<br \/>\nProdu\u00e7\u00e3o e dire\u00e7\u00e3o:\u00a0Rener Lopes<br \/>\nReportagens:\u00a0Jotta Silva<br \/>\nParticipa\u00e7\u00e3o Especial:\u00a0Philipe Moreira e Matusal\u00e9m Souza<\/p>\n","protected":false},"excerpt":{"rendered":"<p>Acompanhe o programa #EBnaRede desta segunda-feira, dia 23 de maio. Apresenta\u00e7\u00e3o e edi\u00e7\u00e3o: Rener Lopes Produ\u00e7\u00e3o e dire\u00e7\u00e3o:\u00a0Rener Lopes Reportagens:\u00a0Jotta Silva Participa\u00e7\u00e3o Especial:\u00a0Philipe Moreira e Matusal\u00e9m Souza<\/p>\n","protected":false},"author":1,"featured_media":646,"comment_status":"open","ping_status":"closed","sticky":false,"template":"","format":"standard","meta":{"footnotes":""},"categories":[24],"tags":[],"class_list":["post-1959","post","type-post","status-publish","format-standard","has-post-thumbnail","hentry","category-ebplay"],"_links":{"self":[{"href":"https:\/\/www.esportesbrasilia.com.br\/noticias\/wp-json\/wp\/v2\/posts\/1959","targetHints":{"allow":["GET"]}}],"collection":[{"href":"https:\/\/www.esportesbrasilia.com.br\/noticias\/wp-json\/wp\/v2\/posts"}],"about":[{"href":"https:\/\/www.esportesbrasilia.com.br\/noticias\/wp-json\/wp\/v2\/types\/post"}],"author":[{"embeddable":true,"href":"https:\/\/www.esportesbrasilia.com.br\/noticias\/wp-json\/wp\/v2\/users\/1"}],"replies":[{"embeddable":true,"href":"https:\/\/www.esportesbrasilia.com.br\/noticias\/wp-json\/wp\/v2\/comments?post=1959"}],"version-history":[{"count":1,"href":"https:\/\/www.esportesbrasilia.com.br\/noticias\/wp-json\/wp\/v2\/posts\/1959\/revisions"}],"predecessor-version":[{"id":1960,"href":"https:\/\/www.esportesbrasilia.com.br\/noticias\/wp-json\/wp\/v2\/posts\/1959\/revisions\/1960"}],"wp:featuredmedia":[{"embeddable":true,"href":"https:\/\/www.esportesbrasilia.com.br\/noticias\/wp-json\/wp\/v2\/media\/646"}],"wp:attachment":[{"href":"https:\/\/www.esportesbrasilia.com.br\/noticias\/wp-json\/wp\/v2\/media?parent=1959"}],"wp:term":[{"taxonomy":"category","embeddable":true,"href":"https:\/\/www.esportesbrasilia.com.br\/noticias\/wp-json\/wp\/v2\/categories?post=1959"},{"taxonomy":"post_tag","embeddable":true,"href":"https:\/\/www.esportesbrasilia.com.br\/noticias\/wp-json\/wp\/v2\/tags?post=1959"}],"curies":[{"name":"wp","href":"https:\/\/api.w.org\/{rel}","templated":true}]}}