{"id":19473,"date":"2021-06-05T23:44:05","date_gmt":"2021-06-06T02:44:05","guid":{"rendered":"https:\/\/www.esportesbrasilia.com.br\/noticias\/?p=19473"},"modified":"2021-06-05T23:44:06","modified_gmt":"2021-06-06T02:44:06","slug":"brasiliense-sai-na-frente-mas-cede-o-empate-ao-goianesia-na-largada-da-serie-d","status":"publish","type":"post","link":"https:\/\/www.esportesbrasilia.com.br\/noticias\/futebol\/brasiliense-sai-na-frente-mas-cede-o-empate-ao-goianesia-na-largada-da-serie-d.html","title":{"rendered":"Brasiliense sai na frente, mas cede o empate ao Goian\u00e9sia na largada da S\u00e9rie D"},"content":{"rendered":"\n<p><strong>Foto: J\u00falio C\u00e9sar Silva\/Ag\u00eancia EB<\/strong><\/p>\n\n\n\n<p>Estreando na fase de grupos do Brasileir\u00e3o, em um est\u00e1dio in\u00e9dito como mandante, o Brasiliense recebeu o Goian\u00e9sia neste s\u00e1bado (05). Jogando no est\u00e1dio Ciro Machado, na Vila Planalto, o Jacar\u00e9 saiu na frente, mas cedeu o empate ao time goiano.<\/p>\n\n\n\n<p>Aos 36 minutos do primeiro tempo, ap\u00f3s a defesa do Goian\u00e9sia perder a bola no meio de campo, Z\u00e9 Love recupera a posse pela esquerda, invade a grande \u00e1rea e bate por baixo das pernas do goleiro Artur, abrindo o placarpara o Jacar\u00e9 no est\u00e1dio Ciro Machado.<\/p>\n\n\n\n<p>J\u00e1 no segundo tempo, aos 31 minutos, o Goian\u00e9sia empatou o confronto. Em cobran\u00e7a ensaiada de falta, Dudu rola a bola para Renato, que vinha de tr\u00e1s da cobran\u00e7a, encher o p\u00e9. A zaga do Brasiliense abriu e Edmar Sucuri n\u00e3o conseguiu defender a cobran\u00e7a, anotando o gol do time goiano e dando n\u00fameros finais \u00e0 partida.<\/p>\n\n\n\n<p>Na pr\u00f3xima rodada, o Brasiliense vai at\u00e9 Porto Velho\/RO para enfrentar o time rondoniense, no est\u00e1dio Aluizio Ferreira. J\u00e1 o Goian\u00e9sia recebe o Uni\u00e3o de Rondon\u00f3polis no est\u00e1dio Waldeir Jos\u00e9 de Oliveira.<\/p>\n\n\n\n<p class=\"has-text-align-center\"><strong>CAMPEONATO BRASILEIRO S\u00c9RIE D &#8211; FASE DE GRUPOS &#8211; 1\u00aa RODADA<br>BRASILIENSE 1-1 GOIAN\u00c9SIA<br>05.06.21 &#8211; EST\u00c1DIO CIRO MACHADO &#8211; VILA PLANALTO\/DF<\/strong><\/p>\n\n\n\n<p><strong>CART\u00d5ES AMARELOS:<\/strong><br>Badhuga, Victor Rangel, Z\u00e9 Love, Milton Junior (Brasiliense)<br>Artur, Z\u00e9 Victor (Goian\u00e9sia)<\/p>\n\n\n\n<p><strong>BRASILIENSE<\/strong><br>Edmar Sucuri; Aldo, Badhuga, Preto Costa (Gustavo Henrique) e M\u00e1rio Henrique; Milton J\u00fanior, Zotti, Maicon Assis (Didira) e Jorge Henrique (Carlos Eduardo); Victor Rangel (Peninha) e Z\u00e9 Love (Tobinha).<br>T\u00e9cnico: Vilson Tadei<\/p>\n\n\n\n<p><strong>GOIAN\u00c9SIA<\/strong><br>Artur; Wanderson Lima (Tiburcio), Aleff (Luiz\u00e3o), Anderson Sobral e Raphael Soares (Fl\u00e1vio); Dudu, Renato e Marcos Paulo; Wellington (Da Silva), Ygor e Kallyl (Z\u00e9 Victor).<br>T\u00e9cnico: Ariel Mamede<\/p>\n","protected":false},"excerpt":{"rendered":"<p>Foto: J\u00falio C\u00e9sar Silva\/Ag\u00eancia EB Estreando na fase de grupos do Brasileir\u00e3o, em um est\u00e1dio in\u00e9dito como mandante, o Brasiliense recebeu o Goian\u00e9sia neste s\u00e1bado (05). Jogando no est\u00e1dio Ciro Machado, na Vila Planalto, o Jacar\u00e9 saiu na frente, mas cedeu o empate ao time goiano. Aos 36 minutos do primeiro tempo, ap\u00f3s a defesa [&hellip;]<\/p>\n","protected":false},"author":2,"featured_media":19474,"comment_status":"closed","ping_status":"closed","sticky":false,"template":"","format":"standard","meta":{"footnotes":""},"categories":[8],"tags":[],"class_list":["post-19473","post","type-post","status-publish","format-standard","has-post-thumbnail","hentry","category-futebol"],"_links":{"self":[{"href":"https:\/\/www.esportesbrasilia.com.br\/noticias\/wp-json\/wp\/v2\/posts\/19473","targetHints":{"allow":["GET"]}}],"collection":[{"href":"https:\/\/www.esportesbrasilia.com.br\/noticias\/wp-json\/wp\/v2\/posts"}],"about":[{"href":"https:\/\/www.esportesbrasilia.com.br\/noticias\/wp-json\/wp\/v2\/types\/post"}],"author":[{"embeddable":true,"href":"https:\/\/www.esportesbrasilia.com.br\/noticias\/wp-json\/wp\/v2\/users\/2"}],"replies":[{"embeddable":true,"href":"https:\/\/www.esportesbrasilia.com.br\/noticias\/wp-json\/wp\/v2\/comments?post=19473"}],"version-history":[{"count":1,"href":"https:\/\/www.esportesbrasilia.com.br\/noticias\/wp-json\/wp\/v2\/posts\/19473\/revisions"}],"predecessor-version":[{"id":19475,"href":"https:\/\/www.esportesbrasilia.com.br\/noticias\/wp-json\/wp\/v2\/posts\/19473\/revisions\/19475"}],"wp:featuredmedia":[{"embeddable":true,"href":"https:\/\/www.esportesbrasilia.com.br\/noticias\/wp-json\/wp\/v2\/media\/19474"}],"wp:attachment":[{"href":"https:\/\/www.esportesbrasilia.com.br\/noticias\/wp-json\/wp\/v2\/media?parent=19473"}],"wp:term":[{"taxonomy":"category","embeddable":true,"href":"https:\/\/www.esportesbrasilia.com.br\/noticias\/wp-json\/wp\/v2\/categories?post=19473"},{"taxonomy":"post_tag","embeddable":true,"href":"https:\/\/www.esportesbrasilia.com.br\/noticias\/wp-json\/wp\/v2\/tags?post=19473"}],"curies":[{"name":"wp","href":"https:\/\/api.w.org\/{rel}","templated":true}]}}