{"id":19470,"date":"2021-06-05T23:29:42","date_gmt":"2021-06-06T02:29:42","guid":{"rendered":"https:\/\/www.esportesbrasilia.com.br\/noticias\/?p=19470"},"modified":"2021-06-05T23:29:43","modified_gmt":"2021-06-06T02:29:43","slug":"gama-estreia-na-serie-d-com-vitoria-fora-de-casa","status":"publish","type":"post","link":"https:\/\/www.esportesbrasilia.com.br\/noticias\/futebol\/gama-estreia-na-serie-d-com-vitoria-fora-de-casa.html","title":{"rendered":"Gama estreia na S\u00e9rie D com vit\u00f3ria fora de casa"},"content":{"rendered":"\n<p><strong>Foto: Gabriel Teles\/SE Gama<\/strong><\/p>\n\n\n\n<p>O Gama foi at\u00e9 a cidade de Jaragu\u00e1\/GO para enfrentar o time da casa na largada do Brasileir\u00e3o S\u00e9rie D 2021. Com uma atua\u00e7\u00e3o impec\u00e1vel do rec\u00e9m-contratado Elias, e um bom trabalho em conjunto, o alviverde deu um chega pra l\u00e1 nas desconfian\u00e7as e venceu os goianos por 3&#215;1.<\/p>\n\n\n\n<p>Aos dez minutos, Vitor Xavier recebe passe pela esquerda e acha Gabiga avan\u00e7ando sozinho. Ele toca para o lateral, que cruza na grande \u00e1rea. O goleiro Fabrycio espalma e a bola vai nos p\u00e9s de Vitinho, que chuta forte e abre o placar para o Gama.<\/p>\n\n\n\n<p>J\u00e1 aos 20, Hugo Almeida recebe pelo meio e toca para Vitinho, na direita, cruzar rasteiro. A zaga do Jaragu\u00e1 tenta afastar, mas Elias consegue levantar e dominar a bola, para finalizar no canto direito do goleiro goiano, ampliando o marcador para o Gama.<\/p>\n\n\n\n<p>Na reta final do primeiro tempo, aos 44, Irlan troca passes com o meio de campo do Jaragu\u00e1 e traz a bola para esquerda. Ele consegue se livrar da marca\u00e7\u00e3o gamense, invade a grande \u00e1rea e cruza rasteiro. Contudo, Vin\u00edcius tenta afastar e fura. A bola sobra para Caio girar e bater para o gol, descontando para o time da lend\u00e1ria terra, fechando o primeiro tempo em 2&#215;1 a favor do alviverde candango.<\/p>\n\n\n\n<p>No segundo tempo, Elias &#8211; o nome do jogo &#8211; anotou o segundo dele no jogo. Hugo Almeida avan\u00e7a pelo meio, se livra de tr\u00eas marcadores e acha o camisa 10 gamense livre. Ele tem tempo de pensar, dominar a bola e mandar no \u00e2ngulo superior direito de Fabrycio. Um gola\u00e7o no est\u00e1dio Amintas de Freitas para fechar a vit\u00f3ria alviverde por 3&#215;1.<\/p>\n\n\n\n<p>Na pr\u00f3xima rodada, o Gama recebe a Aparecidense\/GO no est\u00e1dio Ciro Machado, na Vila Planalto. J\u00e1 o Jaragu\u00e1 visita o Nova Mutum, em Nova Mutum\/MT.<\/p>\n\n\n\n<p class=\"has-text-align-center\"><strong>CAMPEONATO BRASILEIRO S\u00c9RIE D &#8211; FASE DE GRUPOS &#8211; 1\u00aa RODADA<br>JARAGU\u00c1 1-3 GAMA<br>05.06.21 &#8211; EST\u00c1DIO AMINTAS DE FREITAS &#8211; JARAGU\u00c1\/GO<\/strong><\/p>\n\n\n\n<p><strong>CART\u00d5ES AMARELOS:<\/strong><br>Ramon (Jaragu\u00e1)<br>Wendel Lomar e Rafael Carrilho (Gama)<\/p>\n\n\n\n<p><strong>GAMA<\/strong><br>Douglas; Gabriel, Wendel, Vinicius e Gabiga (Romarinho); Rafael Carrilho (Eliseu), Germano (Fernandinho), Vitinho (Robertinho) e Elias; Hugo Almeida e Vitor Xavier (Igor Paim).<br>T\u00e9cnico: Ricardo Cobalchini<\/p>\n\n\n\n<p><strong>JARAGU\u00c1<\/strong><br>Fabrycio; Warley (Ronaldinho), Vinicius (Thiago Pina), Caf\u00e9 e Robinho (Felipe Tavares); Ramon, Irlan e Caio; Murilo, Lucas e Douglas (Cabral).<br>T\u00e9cnico: Coutinho<\/p>\n","protected":false},"excerpt":{"rendered":"<p>Foto: Gabriel Teles\/SE Gama O Gama foi at\u00e9 a cidade de Jaragu\u00e1\/GO para enfrentar o time da casa na largada do Brasileir\u00e3o S\u00e9rie D 2021. Com uma atua\u00e7\u00e3o impec\u00e1vel do rec\u00e9m-contratado Elias, e um bom trabalho em conjunto, o alviverde deu um chega pra l\u00e1 nas desconfian\u00e7as e venceu os goianos por 3&#215;1. Aos dez [&hellip;]<\/p>\n","protected":false},"author":2,"featured_media":19471,"comment_status":"closed","ping_status":"closed","sticky":false,"template":"","format":"standard","meta":{"footnotes":""},"categories":[8],"tags":[],"class_list":["post-19470","post","type-post","status-publish","format-standard","has-post-thumbnail","hentry","category-futebol"],"_links":{"self":[{"href":"https:\/\/www.esportesbrasilia.com.br\/noticias\/wp-json\/wp\/v2\/posts\/19470","targetHints":{"allow":["GET"]}}],"collection":[{"href":"https:\/\/www.esportesbrasilia.com.br\/noticias\/wp-json\/wp\/v2\/posts"}],"about":[{"href":"https:\/\/www.esportesbrasilia.com.br\/noticias\/wp-json\/wp\/v2\/types\/post"}],"author":[{"embeddable":true,"href":"https:\/\/www.esportesbrasilia.com.br\/noticias\/wp-json\/wp\/v2\/users\/2"}],"replies":[{"embeddable":true,"href":"https:\/\/www.esportesbrasilia.com.br\/noticias\/wp-json\/wp\/v2\/comments?post=19470"}],"version-history":[{"count":1,"href":"https:\/\/www.esportesbrasilia.com.br\/noticias\/wp-json\/wp\/v2\/posts\/19470\/revisions"}],"predecessor-version":[{"id":19472,"href":"https:\/\/www.esportesbrasilia.com.br\/noticias\/wp-json\/wp\/v2\/posts\/19470\/revisions\/19472"}],"wp:featuredmedia":[{"embeddable":true,"href":"https:\/\/www.esportesbrasilia.com.br\/noticias\/wp-json\/wp\/v2\/media\/19471"}],"wp:attachment":[{"href":"https:\/\/www.esportesbrasilia.com.br\/noticias\/wp-json\/wp\/v2\/media?parent=19470"}],"wp:term":[{"taxonomy":"category","embeddable":true,"href":"https:\/\/www.esportesbrasilia.com.br\/noticias\/wp-json\/wp\/v2\/categories?post=19470"},{"taxonomy":"post_tag","embeddable":true,"href":"https:\/\/www.esportesbrasilia.com.br\/noticias\/wp-json\/wp\/v2\/tags?post=19470"}],"curies":[{"name":"wp","href":"https:\/\/api.w.org\/{rel}","templated":true}]}}