{"id":19467,"date":"2021-06-04T21:59:45","date_gmt":"2021-06-05T00:59:45","guid":{"rendered":"http:\/\/www.esportesbrasilia.com.br\/noticias\/?p=19467"},"modified":"2021-06-04T21:59:48","modified_gmt":"2021-06-05T00:59:48","slug":"depois-de-passar-pela-pre-serie-d-brasiliense-enfrenta-goianesia-em-palco-inedito","status":"publish","type":"post","link":"https:\/\/www.esportesbrasilia.com.br\/noticias\/futebol\/depois-de-passar-pela-pre-serie-d-brasiliense-enfrenta-goianesia-em-palco-inedito.html","title":{"rendered":"Depois de passar pela pr\u00e9-S\u00e9rie D, Brasiliense enfrenta Goian\u00e9sia em palco in\u00e9dito"},"content":{"rendered":"\n<p><strong>Foto: Andr\u00e9 Gomes\/Brasiliense FC<\/strong><\/p>\n\n\n\n<p>O atual campe\u00e3o candango estreia neste s\u00e1bado (05) na fase de grupos da s\u00e9rie D do Brasileir\u00e3o 2021. Ap\u00f3s passar pelo Real Ariquemes\/RO, com duas vit\u00f3rias, o Brasiliense d\u00e1 a largada diante do Goian\u00e9sia\/GO, em um palco &#8220;in\u00e9dito&#8221;.<\/p>\n\n\n\n<p>Esta ser\u00e1 a primeira vez que o Brasiliense atuar\u00e1 como mandante no est\u00e1dio Ciro Machado, na Vila Planalto. A partida foi remanejada para a casa do Real Bras\u00edlia para presevar o gramado do Serej\u00e3o, visando o jogo da volta da Copa do Brasil, diante do Gr\u00eamio.<\/p>\n\n\n\n<p>Para o jogo deste s\u00e1bado, \u00e0s 15h, quatro jogadores ser\u00e3o poupados: Luquinhas, Goduxo, L\u00eddio e Diogo n\u00e3o enfrentar\u00e3o o Goian\u00e9sia, por terem entrado em campo em Porto Alegre.<\/p>\n\n\n\n<p>Quem tamb\u00e9m n\u00e3o entrar\u00e1 em campo ser\u00e1 o atacante Jefferson Maranh\u00e3o e o meia Elifran, que est\u00e3o entregues ao Departamento M\u00e9dico, e o volante Radam\u00e9s, que cumpre suspens\u00e3o pelo cart\u00e3o vermelho recebido contra o Real Ariquemes.<\/p>\n\n\n\n<p>Em contrapartida, Victor Rangel e Daniel Alagoano foram relacionados e podem estrear pelo Jacar\u00e9. Outro que est\u00e1 relacionado para o confronto \u00e9 o meia Tobinha, que se recuperou de les\u00e3o e j\u00e1 est\u00e1 a disposi\u00e7\u00e3o do t\u00e9cnico Vilson Tadei.<\/p>\n","protected":false},"excerpt":{"rendered":"<p>Foto: Andr\u00e9 Gomes\/Brasiliense FC O atual campe\u00e3o candango estreia neste s\u00e1bado (05) na fase de grupos da s\u00e9rie D do Brasileir\u00e3o 2021. Ap\u00f3s passar pelo Real Ariquemes\/RO, com duas vit\u00f3rias, o Brasiliense d\u00e1 a largada diante do Goian\u00e9sia\/GO, em um palco &#8220;in\u00e9dito&#8221;. Esta ser\u00e1 a primeira vez que o Brasiliense atuar\u00e1 como mandante no est\u00e1dio [&hellip;]<\/p>\n","protected":false},"author":2,"featured_media":19468,"comment_status":"closed","ping_status":"closed","sticky":false,"template":"","format":"standard","meta":{"footnotes":""},"categories":[8],"tags":[],"class_list":["post-19467","post","type-post","status-publish","format-standard","has-post-thumbnail","hentry","category-futebol"],"_links":{"self":[{"href":"https:\/\/www.esportesbrasilia.com.br\/noticias\/wp-json\/wp\/v2\/posts\/19467","targetHints":{"allow":["GET"]}}],"collection":[{"href":"https:\/\/www.esportesbrasilia.com.br\/noticias\/wp-json\/wp\/v2\/posts"}],"about":[{"href":"https:\/\/www.esportesbrasilia.com.br\/noticias\/wp-json\/wp\/v2\/types\/post"}],"author":[{"embeddable":true,"href":"https:\/\/www.esportesbrasilia.com.br\/noticias\/wp-json\/wp\/v2\/users\/2"}],"replies":[{"embeddable":true,"href":"https:\/\/www.esportesbrasilia.com.br\/noticias\/wp-json\/wp\/v2\/comments?post=19467"}],"version-history":[{"count":1,"href":"https:\/\/www.esportesbrasilia.com.br\/noticias\/wp-json\/wp\/v2\/posts\/19467\/revisions"}],"predecessor-version":[{"id":19469,"href":"https:\/\/www.esportesbrasilia.com.br\/noticias\/wp-json\/wp\/v2\/posts\/19467\/revisions\/19469"}],"wp:featuredmedia":[{"embeddable":true,"href":"https:\/\/www.esportesbrasilia.com.br\/noticias\/wp-json\/wp\/v2\/media\/19468"}],"wp:attachment":[{"href":"https:\/\/www.esportesbrasilia.com.br\/noticias\/wp-json\/wp\/v2\/media?parent=19467"}],"wp:term":[{"taxonomy":"category","embeddable":true,"href":"https:\/\/www.esportesbrasilia.com.br\/noticias\/wp-json\/wp\/v2\/categories?post=19467"},{"taxonomy":"post_tag","embeddable":true,"href":"https:\/\/www.esportesbrasilia.com.br\/noticias\/wp-json\/wp\/v2\/tags?post=19467"}],"curies":[{"name":"wp","href":"https:\/\/api.w.org\/{rel}","templated":true}]}}