{"id":19464,"date":"2021-06-04T21:41:54","date_gmt":"2021-06-05T00:41:54","guid":{"rendered":"http:\/\/www.esportesbrasilia.com.br\/noticias\/?p=19464"},"modified":"2021-06-04T21:41:55","modified_gmt":"2021-06-05T00:41:55","slug":"gama-esta-pronto-para-a-estreia-na-serie-d-2021-em-jaragua","status":"publish","type":"post","link":"https:\/\/www.esportesbrasilia.com.br\/noticias\/futebol\/gama-esta-pronto-para-a-estreia-na-serie-d-2021-em-jaragua.html","title":{"rendered":"Gama est\u00e1 pronto para a estreia na S\u00e9rie D 2021 em Jaragu\u00e1"},"content":{"rendered":"\n<p><strong>Foto: Gabriel Teles\/SE Gama<\/strong><\/p>\n\n\n\n<p>O Gama j\u00e1 est\u00e1 em Jaragu\u00e1\/GO, local onde estreia neste s\u00e1bado (05) pelo Brasileir\u00e3o S\u00e9rie D. A equipe, treinada por Ricardo Cobalchini, realizou um treino em territ\u00f3rio goiano nesta sexta-feira (04).<\/p>\n\n\n\n<p>Ap\u00f3s algumas finaliza\u00e7\u00f5es, a equipe fez um reconhecimento do gramado do est\u00e1dio Amintas de Freitas e j\u00e1 retornou ao hotel onde est\u00e1 hospedado.<\/p>\n\n\n\n<figure class=\"wp-block-image size-large\"><img loading=\"lazy\" decoding=\"async\" width=\"1024\" height=\"1024\" src=\"https:\/\/www.esportesbrasilia.com.br\/noticias\/wp-content\/uploads\/treinogamajaragua-1024x1024.jpg\" alt=\"\" class=\"wp-image-19465\" srcset=\"https:\/\/www.esportesbrasilia.com.br\/noticias\/wp-content\/uploads\/treinogamajaragua-1024x1024.jpg 1024w, https:\/\/www.esportesbrasilia.com.br\/noticias\/wp-content\/uploads\/treinogamajaragua-300x300.jpg 300w, https:\/\/www.esportesbrasilia.com.br\/noticias\/wp-content\/uploads\/treinogamajaragua-150x150.jpg 150w, https:\/\/www.esportesbrasilia.com.br\/noticias\/wp-content\/uploads\/treinogamajaragua-768x768.jpg 768w, https:\/\/www.esportesbrasilia.com.br\/noticias\/wp-content\/uploads\/treinogamajaragua-80x80.jpg 80w, https:\/\/www.esportesbrasilia.com.br\/noticias\/wp-content\/uploads\/treinogamajaragua.jpg 1280w\" sizes=\"auto, (max-width: 1024px) 100vw, 1024px\" \/><figcaption>Jogadores gamenses treinaram nesta sexta no palco da estreia da s\u00e9rie D &#8211; Foto: Gabriel Teles\/SE Gama<\/figcaption><\/figure>\n\n\n\n<p>Para este jogo de estreia na S\u00e9rie D, o Gama vai com for\u00e7a m\u00e1xima. 24 jogadores foram relacionados para o confronto diante do Jaragu\u00e1.<\/p>\n\n\n\n<p>Vitor Xavier e Hugo Almeida est\u00e3o confirmados no ataque do alviverde. Na linha de defesa, Gabriel atuar\u00e1 pela direita, enquanto Gabiga ser\u00e1 o respons\u00e1vel pela esquerda. A \u00fanica d\u00favida \u00e9 do t\u00e9cnico Ricardo Cobalchini \u00e9 no gol. L\u00e9o Unamuzaga e Douglas ainda disputam a vaga pela camisa n\u00famero 1.<\/p>\n\n\n\n<p>O poss\u00edvel Gama deve a ir a campo diante do Jaragu\u00e1 com: L\u00e9o Unamuzaga (Douglas), Gabriel, Wendel Lomar, Vinicius e Gabiga; Kasado, Rafael Carrilho e Elias; Igor Paim, Hugo Almeida e Vitor Xavier.<\/p>\n","protected":false},"excerpt":{"rendered":"<p>Foto: Gabriel Teles\/SE Gama O Gama j\u00e1 est\u00e1 em Jaragu\u00e1\/GO, local onde estreia neste s\u00e1bado (05) pelo Brasileir\u00e3o S\u00e9rie D. A equipe, treinada por Ricardo Cobalchini, realizou um treino em territ\u00f3rio goiano nesta sexta-feira (04). Ap\u00f3s algumas finaliza\u00e7\u00f5es, a equipe fez um reconhecimento do gramado do est\u00e1dio Amintas de Freitas e j\u00e1 retornou ao hotel [&hellip;]<\/p>\n","protected":false},"author":2,"featured_media":19465,"comment_status":"closed","ping_status":"closed","sticky":false,"template":"","format":"standard","meta":{"footnotes":""},"categories":[8],"tags":[],"class_list":["post-19464","post","type-post","status-publish","format-standard","has-post-thumbnail","hentry","category-futebol"],"_links":{"self":[{"href":"https:\/\/www.esportesbrasilia.com.br\/noticias\/wp-json\/wp\/v2\/posts\/19464","targetHints":{"allow":["GET"]}}],"collection":[{"href":"https:\/\/www.esportesbrasilia.com.br\/noticias\/wp-json\/wp\/v2\/posts"}],"about":[{"href":"https:\/\/www.esportesbrasilia.com.br\/noticias\/wp-json\/wp\/v2\/types\/post"}],"author":[{"embeddable":true,"href":"https:\/\/www.esportesbrasilia.com.br\/noticias\/wp-json\/wp\/v2\/users\/2"}],"replies":[{"embeddable":true,"href":"https:\/\/www.esportesbrasilia.com.br\/noticias\/wp-json\/wp\/v2\/comments?post=19464"}],"version-history":[{"count":1,"href":"https:\/\/www.esportesbrasilia.com.br\/noticias\/wp-json\/wp\/v2\/posts\/19464\/revisions"}],"predecessor-version":[{"id":19466,"href":"https:\/\/www.esportesbrasilia.com.br\/noticias\/wp-json\/wp\/v2\/posts\/19464\/revisions\/19466"}],"wp:featuredmedia":[{"embeddable":true,"href":"https:\/\/www.esportesbrasilia.com.br\/noticias\/wp-json\/wp\/v2\/media\/19465"}],"wp:attachment":[{"href":"https:\/\/www.esportesbrasilia.com.br\/noticias\/wp-json\/wp\/v2\/media?parent=19464"}],"wp:term":[{"taxonomy":"category","embeddable":true,"href":"https:\/\/www.esportesbrasilia.com.br\/noticias\/wp-json\/wp\/v2\/categories?post=19464"},{"taxonomy":"post_tag","embeddable":true,"href":"https:\/\/www.esportesbrasilia.com.br\/noticias\/wp-json\/wp\/v2\/tags?post=19464"}],"curies":[{"name":"wp","href":"https:\/\/api.w.org\/{rel}","templated":true}]}}