{"id":19454,"date":"2021-06-03T20:54:04","date_gmt":"2021-06-03T23:54:04","guid":{"rendered":"https:\/\/www.esportesbrasilia.com.br\/noticias\/?p=19454"},"modified":"2021-06-03T20:54:05","modified_gmt":"2021-06-03T23:54:05","slug":"proximas-partidas-do-brasiliense-sofrem-mudanca-de-local","status":"publish","type":"post","link":"https:\/\/www.esportesbrasilia.com.br\/noticias\/futebol\/proximas-partidas-do-brasiliense-sofrem-mudanca-de-local.html","title":{"rendered":"Pr\u00f3ximas partidas do Brasiliense sofrem mudan\u00e7a de local"},"content":{"rendered":"\n<p>A Confedera\u00e7\u00e3o Brasileira de Futebol informou, nesta quinta-feira (03), a mudan\u00e7a de sedes de partidas do Brasiliense no Campeonato Brasileiro S\u00e9rie D e na Copa do Brasil.<\/p>\n\n\n\n<p>A largada do Jacar\u00e9 na quarta divis\u00e3o nacional acontece este s\u00e1bado (05), \u00e0s 15h. Anteriormente marcado para o est\u00e1dio Serej\u00e3o, em Taguatinga, a partida foi remanejada para o est\u00e1dio Ciro Machado, na Vila Planalto.<\/p>\n\n\n\n<p>Depois, o Brasiliense far\u00e1 o jogo de volta da terceira fase da Copa do Brasil, diante do Gr\u00eamio. O confronto acontece na pr\u00f3xima quinta-feira (10), \u00e0s 16h30. O jogo seria realizado no est\u00e1dio Nacional Man\u00e9 Garrincha. No entanto, como o local sediar\u00e1 partidas da Copa Am\u00e9rica, a partida mudou para o est\u00e1dio Serej\u00e3o, em Taguatinga, e ser\u00e1 mais cedo: \u00e0s 15h30, j\u00e1 que o local n\u00e3o possui ilumina\u00e7\u00e3o noturna em funcionamento.<\/p>\n","protected":false},"excerpt":{"rendered":"<p>A Confedera\u00e7\u00e3o Brasileira de Futebol informou, nesta quinta-feira (03), a mudan\u00e7a de sedes de partidas do Brasiliense no Campeonato Brasileiro S\u00e9rie D e na Copa do Brasil. A largada do Jacar\u00e9 na quarta divis\u00e3o nacional acontece este s\u00e1bado (05), \u00e0s 15h. Anteriormente marcado para o est\u00e1dio Serej\u00e3o, em Taguatinga, a partida foi remanejada para o [&hellip;]<\/p>\n","protected":false},"author":2,"featured_media":11591,"comment_status":"closed","ping_status":"closed","sticky":false,"template":"","format":"standard","meta":{"footnotes":""},"categories":[8],"tags":[],"class_list":["post-19454","post","type-post","status-publish","format-standard","has-post-thumbnail","hentry","category-futebol"],"_links":{"self":[{"href":"https:\/\/www.esportesbrasilia.com.br\/noticias\/wp-json\/wp\/v2\/posts\/19454","targetHints":{"allow":["GET"]}}],"collection":[{"href":"https:\/\/www.esportesbrasilia.com.br\/noticias\/wp-json\/wp\/v2\/posts"}],"about":[{"href":"https:\/\/www.esportesbrasilia.com.br\/noticias\/wp-json\/wp\/v2\/types\/post"}],"author":[{"embeddable":true,"href":"https:\/\/www.esportesbrasilia.com.br\/noticias\/wp-json\/wp\/v2\/users\/2"}],"replies":[{"embeddable":true,"href":"https:\/\/www.esportesbrasilia.com.br\/noticias\/wp-json\/wp\/v2\/comments?post=19454"}],"version-history":[{"count":1,"href":"https:\/\/www.esportesbrasilia.com.br\/noticias\/wp-json\/wp\/v2\/posts\/19454\/revisions"}],"predecessor-version":[{"id":19455,"href":"https:\/\/www.esportesbrasilia.com.br\/noticias\/wp-json\/wp\/v2\/posts\/19454\/revisions\/19455"}],"wp:featuredmedia":[{"embeddable":true,"href":"https:\/\/www.esportesbrasilia.com.br\/noticias\/wp-json\/wp\/v2\/media\/11591"}],"wp:attachment":[{"href":"https:\/\/www.esportesbrasilia.com.br\/noticias\/wp-json\/wp\/v2\/media?parent=19454"}],"wp:term":[{"taxonomy":"category","embeddable":true,"href":"https:\/\/www.esportesbrasilia.com.br\/noticias\/wp-json\/wp\/v2\/categories?post=19454"},{"taxonomy":"post_tag","embeddable":true,"href":"https:\/\/www.esportesbrasilia.com.br\/noticias\/wp-json\/wp\/v2\/tags?post=19454"}],"curies":[{"name":"wp","href":"https:\/\/api.w.org\/{rel}","templated":true}]}}