{"id":19390,"date":"2021-05-26T19:03:46","date_gmt":"2021-05-26T22:03:46","guid":{"rendered":"https:\/\/www.esportesbrasilia.com.br\/noticias\/?p=19390"},"modified":"2021-05-26T19:03:47","modified_gmt":"2021-05-26T22:03:47","slug":"gama-se-reapresenta-e-anuncia-primeiros-reforcos-para-a-serie-d","status":"publish","type":"post","link":"https:\/\/www.esportesbrasilia.com.br\/noticias\/futebol\/gama-se-reapresenta-e-anuncia-primeiros-reforcos-para-a-serie-d.html","title":{"rendered":"Gama se reapresenta e anuncia primeiros refor\u00e7os para a S\u00e9rie D"},"content":{"rendered":"\n<p><strong>Foto: Gabriel Teles\/SE Gama<\/strong><\/p>\n\n\n\n<p>A pouco mais de dez dias da estreia na s\u00e9rie D do Campeonato Brasileiro, o Gama finalmente se reapresentou visando a partida diante do Jaragu\u00e1, marcada para o dia 06 de junho, em territ\u00f3rio goiano.<\/p>\n\n\n\n<p>O t\u00e9cnico Ricardo Cobalchini conheceu o elenco e tamb\u00e9m os novos refor\u00e7os para a disputa da quarta divis\u00e3o nacional. Um deles j\u00e1 \u00e9 conhecido do torcedor gamense: o lateral direito Gabriel, de 27 anos, que jogou o Candang\u00e3o e a Copa do Brasil deste ano pelo Real Bras\u00edlia.<\/p>\n\n\n\n<p>Quem chega para o alviverde s\u00e3o tr\u00eas atletas: o lateral esquerda Gabiga, de 23 anos, o zagueiro Wendel Lomar, de 24 anos, e o meia Elias, de 27 anos.<\/p>\n\n\n\n<p>Gabiga esteve no Pelotas\/RS nas duas \u00faltimas temporadas, onde atuou profissionalmente pela primeira vez. Antes, atuou nos times sub-23 de Sport e S\u00e3o Paulo. J\u00e1 Wendel Lomar tamb\u00e9m esteve no time ga\u00facho em 2020 e 2021. Anteriormente, passou por Inter de Lages\/SC e Goi\u00e2nia\/GO. Por \u00faltimo, Elias j\u00e1 vestiu camisas de CRB, Figueirense e Brasil de Pelotas\/RS.<\/p>\n\n\n\n<p>Outros refor\u00e7os podem chegar ao alviverde nos pr\u00f3ximos dias. &#8220;Teremos pouco tempo de prepara\u00e7\u00e3o, hoje apresentaram alguns jogadores, acredito que at\u00e9 domingo estaremos com 80% do plantel e o que podemos garantir ao torcedor \u00e9 que vamos entregar tudo que temos, nos garantir ao m\u00e1ximo, competir muito para honrar ao m\u00e1ximo essa camisa pesada\u201d, disse o treinador Ricardo Cobalchini.<\/p>\n","protected":false},"excerpt":{"rendered":"<p>Foto: Gabriel Teles\/SE Gama A pouco mais de dez dias da estreia na s\u00e9rie D do Campeonato Brasileiro, o Gama finalmente se reapresentou visando a partida diante do Jaragu\u00e1, marcada para o dia 06 de junho, em territ\u00f3rio goiano. O t\u00e9cnico Ricardo Cobalchini conheceu o elenco e tamb\u00e9m os novos refor\u00e7os para a disputa da [&hellip;]<\/p>\n","protected":false},"author":2,"featured_media":19391,"comment_status":"closed","ping_status":"closed","sticky":false,"template":"","format":"standard","meta":{"footnotes":""},"categories":[8],"tags":[],"class_list":["post-19390","post","type-post","status-publish","format-standard","has-post-thumbnail","hentry","category-futebol"],"_links":{"self":[{"href":"https:\/\/www.esportesbrasilia.com.br\/noticias\/wp-json\/wp\/v2\/posts\/19390","targetHints":{"allow":["GET"]}}],"collection":[{"href":"https:\/\/www.esportesbrasilia.com.br\/noticias\/wp-json\/wp\/v2\/posts"}],"about":[{"href":"https:\/\/www.esportesbrasilia.com.br\/noticias\/wp-json\/wp\/v2\/types\/post"}],"author":[{"embeddable":true,"href":"https:\/\/www.esportesbrasilia.com.br\/noticias\/wp-json\/wp\/v2\/users\/2"}],"replies":[{"embeddable":true,"href":"https:\/\/www.esportesbrasilia.com.br\/noticias\/wp-json\/wp\/v2\/comments?post=19390"}],"version-history":[{"count":1,"href":"https:\/\/www.esportesbrasilia.com.br\/noticias\/wp-json\/wp\/v2\/posts\/19390\/revisions"}],"predecessor-version":[{"id":19392,"href":"https:\/\/www.esportesbrasilia.com.br\/noticias\/wp-json\/wp\/v2\/posts\/19390\/revisions\/19392"}],"wp:featuredmedia":[{"embeddable":true,"href":"https:\/\/www.esportesbrasilia.com.br\/noticias\/wp-json\/wp\/v2\/media\/19391"}],"wp:attachment":[{"href":"https:\/\/www.esportesbrasilia.com.br\/noticias\/wp-json\/wp\/v2\/media?parent=19390"}],"wp:term":[{"taxonomy":"category","embeddable":true,"href":"https:\/\/www.esportesbrasilia.com.br\/noticias\/wp-json\/wp\/v2\/categories?post=19390"},{"taxonomy":"post_tag","embeddable":true,"href":"https:\/\/www.esportesbrasilia.com.br\/noticias\/wp-json\/wp\/v2\/tags?post=19390"}],"curies":[{"name":"wp","href":"https:\/\/api.w.org\/{rel}","templated":true}]}}