{"id":19361,"date":"2021-05-22T18:49:24","date_gmt":"2021-05-22T21:49:24","guid":{"rendered":"http:\/\/www.esportesbrasilia.com.br\/noticias\/?p=19361"},"modified":"2021-05-22T19:07:10","modified_gmt":"2021-05-22T22:07:10","slug":"brasiliense-perde-para-o-goias-em-amistoso-preparatorio-para-a-serie-d","status":"publish","type":"post","link":"https:\/\/www.esportesbrasilia.com.br\/noticias\/futebol\/brasiliense-perde-para-o-goias-em-amistoso-preparatorio-para-a-serie-d.html","title":{"rendered":"Brasiliense perde para o Goi\u00e1s em amistoso preparat\u00f3rio para a S\u00e9rie D"},"content":{"rendered":"\n<p><strong>Foto: Goi\u00e1s EC\/Divulga\u00e7\u00e3o<\/strong><\/p>\n\n\n\n<p>O Brasiliense realizou o \u00fanico amistoso antes da estreia na S\u00e9rie D do Campeonato Brasileiro na tarde deste s\u00e1bado (22), diante do Goi\u00e1s.<\/p>\n\n\n\n<p>Jogando no est\u00e1dio Haile Pinheiro, o Jacar\u00e9 acabou derrotado por 2&#215;0. Aos tr\u00eas minutos, Ivan avan\u00e7ou pela direita e cruzou para Alef Manga testar firme e abrir o placar para o Goi\u00e1s. J\u00e1 aos 28, Alef Manga recebeu passe pela esquerda, tirou da marca\u00e7\u00e3o e tocou para Vin\u00edcius Lopes empurrar para a rede e fechar o marcador ainda no primeiro tempo.<\/p>\n\n\n\n<p>A equipe treinada por Vilson Tadei entrou em campo com a seguinte escala\u00e7\u00e3o: Edmar Sucuri, Diogo, Gustavo Henrique, Keynan e M\u00e1rio Henrique; Milton Junior, Zotti, Peninha e Didira; Luquinhas e Bruno Nunes.<\/p>\n\n\n\n<p>O time candango agora foca as a\u00e7\u00f5es na estreia da pr\u00e9-S\u00e9rie D diante do Real Ariquemes\/RO nesta quarta-feira (26), \u00e0s 16h, em Ariquemes.<\/p>\n","protected":false},"excerpt":{"rendered":"<p>Foto: Goi\u00e1s EC\/Divulga\u00e7\u00e3o O Brasiliense realizou o \u00fanico amistoso antes da estreia na S\u00e9rie D do Campeonato Brasileiro na tarde deste s\u00e1bado (22), diante do Goi\u00e1s. Jogando no est\u00e1dio Haile Pinheiro, o Jacar\u00e9 acabou derrotado por 2&#215;0. Aos tr\u00eas minutos, Ivan avan\u00e7ou pela direita e cruzou para Alef Manga testar firme e abrir o placar [&hellip;]<\/p>\n","protected":false},"author":2,"featured_media":19362,"comment_status":"closed","ping_status":"closed","sticky":false,"template":"","format":"standard","meta":{"footnotes":""},"categories":[8],"tags":[],"class_list":["post-19361","post","type-post","status-publish","format-standard","has-post-thumbnail","hentry","category-futebol"],"_links":{"self":[{"href":"https:\/\/www.esportesbrasilia.com.br\/noticias\/wp-json\/wp\/v2\/posts\/19361","targetHints":{"allow":["GET"]}}],"collection":[{"href":"https:\/\/www.esportesbrasilia.com.br\/noticias\/wp-json\/wp\/v2\/posts"}],"about":[{"href":"https:\/\/www.esportesbrasilia.com.br\/noticias\/wp-json\/wp\/v2\/types\/post"}],"author":[{"embeddable":true,"href":"https:\/\/www.esportesbrasilia.com.br\/noticias\/wp-json\/wp\/v2\/users\/2"}],"replies":[{"embeddable":true,"href":"https:\/\/www.esportesbrasilia.com.br\/noticias\/wp-json\/wp\/v2\/comments?post=19361"}],"version-history":[{"count":2,"href":"https:\/\/www.esportesbrasilia.com.br\/noticias\/wp-json\/wp\/v2\/posts\/19361\/revisions"}],"predecessor-version":[{"id":19364,"href":"https:\/\/www.esportesbrasilia.com.br\/noticias\/wp-json\/wp\/v2\/posts\/19361\/revisions\/19364"}],"wp:featuredmedia":[{"embeddable":true,"href":"https:\/\/www.esportesbrasilia.com.br\/noticias\/wp-json\/wp\/v2\/media\/19362"}],"wp:attachment":[{"href":"https:\/\/www.esportesbrasilia.com.br\/noticias\/wp-json\/wp\/v2\/media?parent=19361"}],"wp:term":[{"taxonomy":"category","embeddable":true,"href":"https:\/\/www.esportesbrasilia.com.br\/noticias\/wp-json\/wp\/v2\/categories?post=19361"},{"taxonomy":"post_tag","embeddable":true,"href":"https:\/\/www.esportesbrasilia.com.br\/noticias\/wp-json\/wp\/v2\/tags?post=19361"}],"curies":[{"name":"wp","href":"https:\/\/api.w.org\/{rel}","templated":true}]}}