{"id":19354,"date":"2021-05-21T22:18:30","date_gmt":"2021-05-22T01:18:30","guid":{"rendered":"http:\/\/www.esportesbrasilia.com.br\/noticias\/?p=19354"},"modified":"2021-05-21T22:18:31","modified_gmt":"2021-05-22T01:18:31","slug":"gama-se-reapresenta-na-proxima-semana-apos-eliminacao-no-candangao","status":"publish","type":"post","link":"https:\/\/www.esportesbrasilia.com.br\/noticias\/futebol\/gama-se-reapresenta-na-proxima-semana-apos-eliminacao-no-candangao.html","title":{"rendered":"Gama se reapresenta na pr\u00f3xima semana ap\u00f3s elimina\u00e7\u00e3o no Candang\u00e3o"},"content":{"rendered":"\n<p>O elenco do Gama ganhou folga nesta semana ap\u00f3s a elimina\u00e7\u00e3o na terceira fase do Candang\u00e3o 2021 e a conquista do terceiro lugar nesta edi\u00e7\u00e3o, depois de dois t\u00edtulos consecutivos.<\/p>\n\n\n\n<p>Ap\u00f3s a folga do fim de semana, segundo o <em>Correio Braziliense<\/em>, o alviverde se reapresenta nesta segunda-feira (24) para iniciar os trabalhos visando a estreia na fase de grupos da S\u00e9rie D do Brasileir\u00e3o.<\/p>\n\n\n\n<p>Contudo, o clima \u00e9 de inc\u00f3gnita pelos lados do CT Ninho do Periquito. Ainda n\u00e3o se sabe qual ser\u00e1 o elenco que far\u00e1 parte da sequ\u00eancia da temporada 2021, onde o time disputar\u00e1 a quarta divis\u00e3o nacional e a edi\u00e7\u00e3o da Copa Verde.<\/p>\n\n\n\n<p>O Gama estreia na s\u00e9rie D 2021 no pr\u00f3ximo dia 05 de junho, diante do Jaragu\u00e1, no est\u00e1dio Dr. Amintas de Freitas, \u00e0s 16h, em Jaragu\u00e1\/GO.<\/p>\n","protected":false},"excerpt":{"rendered":"<p>O elenco do Gama ganhou folga nesta semana ap\u00f3s a elimina\u00e7\u00e3o na terceira fase do Candang\u00e3o 2021 e a conquista do terceiro lugar nesta edi\u00e7\u00e3o, depois de dois t\u00edtulos consecutivos. Ap\u00f3s a folga do fim de semana, segundo o Correio Braziliense, o alviverde se reapresenta nesta segunda-feira (24) para iniciar os trabalhos visando a estreia [&hellip;]<\/p>\n","protected":false},"author":2,"featured_media":8427,"comment_status":"closed","ping_status":"closed","sticky":false,"template":"","format":"standard","meta":{"footnotes":""},"categories":[8],"tags":[],"class_list":["post-19354","post","type-post","status-publish","format-standard","has-post-thumbnail","hentry","category-futebol"],"_links":{"self":[{"href":"https:\/\/www.esportesbrasilia.com.br\/noticias\/wp-json\/wp\/v2\/posts\/19354","targetHints":{"allow":["GET"]}}],"collection":[{"href":"https:\/\/www.esportesbrasilia.com.br\/noticias\/wp-json\/wp\/v2\/posts"}],"about":[{"href":"https:\/\/www.esportesbrasilia.com.br\/noticias\/wp-json\/wp\/v2\/types\/post"}],"author":[{"embeddable":true,"href":"https:\/\/www.esportesbrasilia.com.br\/noticias\/wp-json\/wp\/v2\/users\/2"}],"replies":[{"embeddable":true,"href":"https:\/\/www.esportesbrasilia.com.br\/noticias\/wp-json\/wp\/v2\/comments?post=19354"}],"version-history":[{"count":1,"href":"https:\/\/www.esportesbrasilia.com.br\/noticias\/wp-json\/wp\/v2\/posts\/19354\/revisions"}],"predecessor-version":[{"id":19355,"href":"https:\/\/www.esportesbrasilia.com.br\/noticias\/wp-json\/wp\/v2\/posts\/19354\/revisions\/19355"}],"wp:featuredmedia":[{"embeddable":true,"href":"https:\/\/www.esportesbrasilia.com.br\/noticias\/wp-json\/wp\/v2\/media\/8427"}],"wp:attachment":[{"href":"https:\/\/www.esportesbrasilia.com.br\/noticias\/wp-json\/wp\/v2\/media?parent=19354"}],"wp:term":[{"taxonomy":"category","embeddable":true,"href":"https:\/\/www.esportesbrasilia.com.br\/noticias\/wp-json\/wp\/v2\/categories?post=19354"},{"taxonomy":"post_tag","embeddable":true,"href":"https:\/\/www.esportesbrasilia.com.br\/noticias\/wp-json\/wp\/v2\/tags?post=19354"}],"curies":[{"name":"wp","href":"https:\/\/api.w.org\/{rel}","templated":true}]}}