{"id":19344,"date":"2021-05-18T01:21:49","date_gmt":"2021-05-18T04:21:49","guid":{"rendered":"http:\/\/www.esportesbrasilia.com.br\/noticias\/?p=19344"},"modified":"2021-05-18T01:21:50","modified_gmt":"2021-05-18T04:21:50","slug":"cbf-confirma-datas-e-horarios-do-brasileirao-serie-d-2021-e-equipes-do-df-estreiam-fora","status":"publish","type":"post","link":"https:\/\/www.esportesbrasilia.com.br\/noticias\/futebol\/cbf-confirma-datas-e-horarios-do-brasileirao-serie-d-2021-e-equipes-do-df-estreiam-fora.html","title":{"rendered":"CBF confirma datas e hor\u00e1rios do Brasileir\u00e3o S\u00e9rie D 2021 e equipes do DF estreiam fora"},"content":{"rendered":"\n<p>A Confedera\u00e7\u00e3o Brasileira de Futebol divulgou, no fim da noite desta segunda-feira (17), a tabela oficial com as datas e hor\u00e1rios dos jogos das fases preliminar e primeira do Brasileir\u00e3o S\u00e9rie D 2021. O Distrito Federal ter\u00e1 dois representantes na competi\u00e7\u00e3o: o Gama, campe\u00e3o em 2020, e o Brasiliense, campe\u00e3o em 2021.<\/p>\n\n\n\n<p>Como foi vice-campe\u00e3o na edi\u00e7\u00e3o do ano passado, o Brasiliense ter\u00e1 que passar pela pr\u00e9-S\u00e9rie D. O advers\u00e1rio ser\u00e1 o Real Ariquemes e a largada ser\u00e1 fora de casa, no dia 26 de maio, \u00e0s 16h, no est\u00e1dio Gentil Val\u00e9rio, em Ariquemes\/RO. A partida de volta est\u00e1 marcada para o dia 30 de maio, \u00e0s 15h, no est\u00e1dio Serej\u00e3o, em Taguatinga.<\/p>\n\n\n\n<p>No entanto, caso a reforma do gramado n\u00e3o esteja conclu\u00edda a tempo, o jogo pode ser alterado para o est\u00e1dio Nacional Man\u00e9 Garrincha.<\/p>\n\n\n\n<p>Quem passar deste confronto entrar\u00e1 na chave A5, onde est\u00e1 o Gama. O alviverde j\u00e1 tem a data de estreia definida: 05 de junho, \u00e0s 16h, diante do Jaragu\u00e1, no est\u00e1dio Amintas de Freitas, em Jaragu\u00e1\/GO. O primeiro jogo em casa ser\u00e1 no dia dos namorados, 12 de junho, \u00e0s 15h, no est\u00e1dio Nacional Man\u00e9 Garrincha.<\/p>\n\n\n\n<p>O Man\u00e9 Garrincha, inclusive, ser\u00e1 a casa do Gama na disputa da s\u00e9rie D deste ano, uma vez que o est\u00e1dio Bezerr\u00e3o est\u00e1 proibido de receber jogos. No palco gamense est\u00e1 instalado o hospital de campanha no combate \u00e0 Covid-19.<\/p>\n\n\n\n<p>Confira a tabela do Gama na primeira fase da S\u00e9rie D 2021:<\/p>\n\n\n\n<p>05\/06 &#8211; 16:00 &#8211; Jaragu\u00e1 x <strong>Gama<\/strong><br>12\/06 &#8211; 15:00 &#8211; <strong>Gama<\/strong> x Aparecidense<br>19\/06 &#8211; 16:00 &#8211; Uni\u00e3o Rondon\u00f3polis x <strong>Gama<\/strong><br>26\/06 &#8211; 16:00 &#8211; <strong>Gama<\/strong> x Nova Mutum<br>a definir &#8211; classificado da pr\u00e9-s\u00e9rie D x <strong>Gama<\/strong><br>10\/07 &#8211; 16:00 &#8211; Porto Velho x <strong>Gama<\/strong><br>17\/07 &#8211; 16:00 &#8211; <strong>Gama<\/strong> x Goian\u00e9sia<\/p>\n","protected":false},"excerpt":{"rendered":"<p>A Confedera\u00e7\u00e3o Brasileira de Futebol divulgou, no fim da noite desta segunda-feira (17), a tabela oficial com as datas e hor\u00e1rios dos jogos das fases preliminar e primeira do Brasileir\u00e3o S\u00e9rie D 2021. O Distrito Federal ter\u00e1 dois representantes na competi\u00e7\u00e3o: o Gama, campe\u00e3o em 2020, e o Brasiliense, campe\u00e3o em 2021. Como foi vice-campe\u00e3o [&hellip;]<\/p>\n","protected":false},"author":2,"featured_media":14304,"comment_status":"closed","ping_status":"closed","sticky":false,"template":"","format":"standard","meta":{"footnotes":""},"categories":[8],"tags":[],"class_list":["post-19344","post","type-post","status-publish","format-standard","has-post-thumbnail","hentry","category-futebol"],"_links":{"self":[{"href":"https:\/\/www.esportesbrasilia.com.br\/noticias\/wp-json\/wp\/v2\/posts\/19344","targetHints":{"allow":["GET"]}}],"collection":[{"href":"https:\/\/www.esportesbrasilia.com.br\/noticias\/wp-json\/wp\/v2\/posts"}],"about":[{"href":"https:\/\/www.esportesbrasilia.com.br\/noticias\/wp-json\/wp\/v2\/types\/post"}],"author":[{"embeddable":true,"href":"https:\/\/www.esportesbrasilia.com.br\/noticias\/wp-json\/wp\/v2\/users\/2"}],"replies":[{"embeddable":true,"href":"https:\/\/www.esportesbrasilia.com.br\/noticias\/wp-json\/wp\/v2\/comments?post=19344"}],"version-history":[{"count":1,"href":"https:\/\/www.esportesbrasilia.com.br\/noticias\/wp-json\/wp\/v2\/posts\/19344\/revisions"}],"predecessor-version":[{"id":19345,"href":"https:\/\/www.esportesbrasilia.com.br\/noticias\/wp-json\/wp\/v2\/posts\/19344\/revisions\/19345"}],"wp:featuredmedia":[{"embeddable":true,"href":"https:\/\/www.esportesbrasilia.com.br\/noticias\/wp-json\/wp\/v2\/media\/14304"}],"wp:attachment":[{"href":"https:\/\/www.esportesbrasilia.com.br\/noticias\/wp-json\/wp\/v2\/media?parent=19344"}],"wp:term":[{"taxonomy":"category","embeddable":true,"href":"https:\/\/www.esportesbrasilia.com.br\/noticias\/wp-json\/wp\/v2\/categories?post=19344"},{"taxonomy":"post_tag","embeddable":true,"href":"https:\/\/www.esportesbrasilia.com.br\/noticias\/wp-json\/wp\/v2\/tags?post=19344"}],"curies":[{"name":"wp","href":"https:\/\/api.w.org\/{rel}","templated":true}]}}