{"id":19307,"date":"2021-05-13T13:20:00","date_gmt":"2021-05-13T16:20:00","guid":{"rendered":"http:\/\/www.esportesbrasilia.com.br\/noticias\/?p=19307"},"modified":"2021-05-13T14:09:34","modified_gmt":"2021-05-13T17:09:34","slug":"conmebol-confirma-brasilia-como-sede-da-copa-sul-americana-em-2022","status":"publish","type":"post","link":"https:\/\/www.esportesbrasilia.com.br\/noticias\/futebol\/conmebol-confirma-brasilia-como-sede-da-copa-sul-americana-em-2022.html","title":{"rendered":"Conmebol confirma Bras\u00edlia como sede da final da Copa Sul-Americana em 2022"},"content":{"rendered":"\n<p><strong>Foto: Divulga\u00e7\u00e3o\/ArenaBSB<\/strong><\/p>\n\n\n\n<p>O Distrito Federal recebeu uma grande not\u00edcia na tarde desta quinta-feira (13). A Conmebol confirmou, pelo site oficial da entidade, que o est\u00e1dio Nacional Man\u00e9 Garrincha vai receber a decis\u00e3o da Copa Sul-Americana em 2022.<\/p>\n\n\n\n<p>&#8220;A designa\u00e7\u00e3o dessas instala\u00e7\u00f5es com um ano de anteced\u00eancia permitir\u00e1 uma melhor prepara\u00e7\u00e3o e log\u00edstica&#8221;, disse a Conmebol, por meio de nota oficial.<\/p>\n\n\n\n<p>A capital federal estava cotada para sediar a decis\u00e3o deste ano. No entanto, por conta da pandemia da Covid-19 em territ\u00f3rio brasileiro, a entidade m\u00e1xima do futebol sul-americano optou por levar a partida, tanto da Sul-Americana, quanto da Libertadores, para o est\u00e1dio Centen\u00e1rio, em Montevideo, no Uruguai.<\/p>\n\n\n\n<p>Al\u00e9m da escolha de Bras\u00edlia como palco da grande final da Sul-Americana do pr\u00f3ximo ano, a sede da decis\u00e3o da Libertadores 2022 j\u00e1 foi definida: ser\u00e1 o est\u00e1dio Monumental de Guayaquil, no Equador.<\/p>\n\n\n\n<p><\/p>\n","protected":false},"excerpt":{"rendered":"<p>Foto: Divulga\u00e7\u00e3o\/ArenaBSB O Distrito Federal recebeu uma grande not\u00edcia na tarde desta quinta-feira (13). A Conmebol confirmou, pelo site oficial da entidade, que o est\u00e1dio Nacional Man\u00e9 Garrincha vai receber a decis\u00e3o da Copa Sul-Americana em 2022. &#8220;A designa\u00e7\u00e3o dessas instala\u00e7\u00f5es com um ano de anteced\u00eancia permitir\u00e1 uma melhor prepara\u00e7\u00e3o e log\u00edstica&#8221;, disse a Conmebol, [&hellip;]<\/p>\n","protected":false},"author":2,"featured_media":19308,"comment_status":"closed","ping_status":"closed","sticky":false,"template":"","format":"standard","meta":{"footnotes":""},"categories":[8],"tags":[],"class_list":["post-19307","post","type-post","status-publish","format-standard","has-post-thumbnail","hentry","category-futebol"],"_links":{"self":[{"href":"https:\/\/www.esportesbrasilia.com.br\/noticias\/wp-json\/wp\/v2\/posts\/19307","targetHints":{"allow":["GET"]}}],"collection":[{"href":"https:\/\/www.esportesbrasilia.com.br\/noticias\/wp-json\/wp\/v2\/posts"}],"about":[{"href":"https:\/\/www.esportesbrasilia.com.br\/noticias\/wp-json\/wp\/v2\/types\/post"}],"author":[{"embeddable":true,"href":"https:\/\/www.esportesbrasilia.com.br\/noticias\/wp-json\/wp\/v2\/users\/2"}],"replies":[{"embeddable":true,"href":"https:\/\/www.esportesbrasilia.com.br\/noticias\/wp-json\/wp\/v2\/comments?post=19307"}],"version-history":[{"count":2,"href":"https:\/\/www.esportesbrasilia.com.br\/noticias\/wp-json\/wp\/v2\/posts\/19307\/revisions"}],"predecessor-version":[{"id":19310,"href":"https:\/\/www.esportesbrasilia.com.br\/noticias\/wp-json\/wp\/v2\/posts\/19307\/revisions\/19310"}],"wp:featuredmedia":[{"embeddable":true,"href":"https:\/\/www.esportesbrasilia.com.br\/noticias\/wp-json\/wp\/v2\/media\/19308"}],"wp:attachment":[{"href":"https:\/\/www.esportesbrasilia.com.br\/noticias\/wp-json\/wp\/v2\/media?parent=19307"}],"wp:term":[{"taxonomy":"category","embeddable":true,"href":"https:\/\/www.esportesbrasilia.com.br\/noticias\/wp-json\/wp\/v2\/categories?post=19307"},{"taxonomy":"post_tag","embeddable":true,"href":"https:\/\/www.esportesbrasilia.com.br\/noticias\/wp-json\/wp\/v2\/tags?post=19307"}],"curies":[{"name":"wp","href":"https:\/\/api.w.org\/{rel}","templated":true}]}}