{"id":19271,"date":"2021-05-07T13:37:28","date_gmt":"2021-05-07T16:37:28","guid":{"rendered":"http:\/\/www.esportesbrasilia.com.br\/noticias\/?p=19271"},"modified":"2021-05-07T13:37:29","modified_gmt":"2021-05-07T16:37:29","slug":"gdf-da-sinal-verde-para-reforma-do-autodromo-nelson-piquet-e-quer-sediar-stock-car-esse-ano","status":"publish","type":"post","link":"https:\/\/www.esportesbrasilia.com.br\/noticias\/outros\/gdf-da-sinal-verde-para-reforma-do-autodromo-nelson-piquet-e-quer-sediar-stock-car-esse-ano.html","title":{"rendered":"GDF d\u00e1 sinal verde para reforma do Aut\u00f3dromo Nelson Piquet e quer sediar Stock Car esse ano"},"content":{"rendered":"\n<p>Fonte: Ag\u00eancia Bras\u00edlia<\/p>\n\n\n\n<p>Uma comitiva do Governo do Distrito Federal (GDF) esteve no Aut\u00f3dromo Internacional Nelson Piquet nesta quinta-feira (6) para avaliar as necessidades estruturais do local para a retomada das suas atividades e a reabertura \u00e0 popula\u00e7\u00e3o.<\/p>\n\n\n\n<p>Nos planos do governo, est\u00e3o a reforma dos 5,4 quil\u00f4metros de pistas, assim como a instala\u00e7\u00e3o de toda a infraestrutura de seguran\u00e7a necess\u00e1ria para voltar a receber competi\u00e7\u00f5es automobil\u00edsticas.<\/p>\n\n\n\n<p>Recentemente, o Banco de Bras\u00edlia (BRB) e a Terracap assinaram um memorando de entendimentos para tocar as obras. A visita de hoje (6) foi acompanhada de uma equipe t\u00e9cnica da Confedera\u00e7\u00e3o Brasileira de Automobilismo (CBA) como forma de ajudar na identifica\u00e7\u00e3o dos padr\u00f5es exigidos para provas como a da Stock Car, que tem previs\u00e3o de acontecer no DF ainda esse ano.<\/p>\n\n\n\n<p>\u201cA parceria entre o BRB e a Stock Car prev\u00ea a reforma do aut\u00f3dromo e provas neste ano, sendo que a \u00faltima prova do ano da categoria seria aqui, em 12 de dezembro\u201d, destacou o governador Ibaneis Rocha. \u201cO projeto est\u00e1 sendo elaborado e agora vai para a licita\u00e7\u00e3o da obra. Esperamos que num prazo de cinco meses tudo esteja reformado e em pleno funcionamento, para que a gente possa ter o aut\u00f3dromo devolvido para a popula\u00e7\u00e3o do DF\u201d, completou.<\/p>\n\n\n\n<p>Segundo Ibaneis Rocha, a ideia do governo \u00e9 transformar o aut\u00f3dromo em um equipamento p\u00fablico completo para receber outros eventos, al\u00e9m de competi\u00e7\u00f5es esportivas.<\/p>\n\n\n\n<p>Respons\u00e1vel pela R\u00edgido Engenharia, empresa especializada em consultoria para aut\u00f3dromos e pistas de alto desempenho, Luis Ernesto Morales disse que ser\u00e1 feito o diagn\u00f3stico atual do aut\u00f3dromo.<\/p>\n\n\n\n<p>O estudo, que deve ser conclu\u00eddo em at\u00e9 90 dias, vai apontar o que \u00e9 necess\u00e1rio para a recupera\u00e7\u00e3o do asfalto. Nele tamb\u00e9m ser\u00e3o apontados os elementos de seguran\u00e7a que precisam ser feitos para o aut\u00f3dromo estar apto a receber competi\u00e7\u00f5es novamente.<\/p>\n\n\n\n<p>\u201cEstamos falando em homologa\u00e7\u00e3o nacional, que \u00e9 feita pela Confedera\u00e7\u00e3o Brasileira de Automobilismo e com caracter\u00edsticas de FIA 3, que atendem \u00e0s caracter\u00edsticas do automobilismo nacional\u201d, explica.<\/p>\n","protected":false},"excerpt":{"rendered":"<p>Fonte: Ag\u00eancia Bras\u00edlia Uma comitiva do Governo do Distrito Federal (GDF) esteve no Aut\u00f3dromo Internacional Nelson Piquet nesta quinta-feira (6) para avaliar as necessidades estruturais do local para a retomada das suas atividades e a reabertura \u00e0 popula\u00e7\u00e3o. Nos planos do governo, est\u00e3o a reforma dos 5,4 quil\u00f4metros de pistas, assim como a instala\u00e7\u00e3o de [&hellip;]<\/p>\n","protected":false},"author":1,"featured_media":12376,"comment_status":"closed","ping_status":"closed","sticky":false,"template":"","format":"standard","meta":{"footnotes":""},"categories":[2],"tags":[],"class_list":["post-19271","post","type-post","status-publish","format-standard","has-post-thumbnail","hentry","category-outros"],"_links":{"self":[{"href":"https:\/\/www.esportesbrasilia.com.br\/noticias\/wp-json\/wp\/v2\/posts\/19271","targetHints":{"allow":["GET"]}}],"collection":[{"href":"https:\/\/www.esportesbrasilia.com.br\/noticias\/wp-json\/wp\/v2\/posts"}],"about":[{"href":"https:\/\/www.esportesbrasilia.com.br\/noticias\/wp-json\/wp\/v2\/types\/post"}],"author":[{"embeddable":true,"href":"https:\/\/www.esportesbrasilia.com.br\/noticias\/wp-json\/wp\/v2\/users\/1"}],"replies":[{"embeddable":true,"href":"https:\/\/www.esportesbrasilia.com.br\/noticias\/wp-json\/wp\/v2\/comments?post=19271"}],"version-history":[{"count":1,"href":"https:\/\/www.esportesbrasilia.com.br\/noticias\/wp-json\/wp\/v2\/posts\/19271\/revisions"}],"predecessor-version":[{"id":19272,"href":"https:\/\/www.esportesbrasilia.com.br\/noticias\/wp-json\/wp\/v2\/posts\/19271\/revisions\/19272"}],"wp:featuredmedia":[{"embeddable":true,"href":"https:\/\/www.esportesbrasilia.com.br\/noticias\/wp-json\/wp\/v2\/media\/12376"}],"wp:attachment":[{"href":"https:\/\/www.esportesbrasilia.com.br\/noticias\/wp-json\/wp\/v2\/media?parent=19271"}],"wp:term":[{"taxonomy":"category","embeddable":true,"href":"https:\/\/www.esportesbrasilia.com.br\/noticias\/wp-json\/wp\/v2\/categories?post=19271"},{"taxonomy":"post_tag","embeddable":true,"href":"https:\/\/www.esportesbrasilia.com.br\/noticias\/wp-json\/wp\/v2\/tags?post=19271"}],"curies":[{"name":"wp","href":"https:\/\/api.w.org\/{rel}","templated":true}]}}