{"id":19253,"date":"2021-05-06T12:31:14","date_gmt":"2021-05-06T15:31:14","guid":{"rendered":"http:\/\/www.esportesbrasilia.com.br\/noticias\/?p=19253"},"modified":"2021-05-06T12:32:06","modified_gmt":"2021-05-06T15:32:06","slug":"apos-eliminacao-no-candangao-diretor-de-futebol-deixa-o-real-brasilia","status":"publish","type":"post","link":"https:\/\/www.esportesbrasilia.com.br\/noticias\/futebol\/apos-eliminacao-no-candangao-diretor-de-futebol-deixa-o-real-brasilia.html","title":{"rendered":"Ap\u00f3s elimina\u00e7\u00e3o no Candang\u00e3o, diretor de futebol deixa o Real Bras\u00edlia"},"content":{"rendered":"\n<p><strong>Foto: Lucas Bolzan\/Arquivo EB<\/strong><\/p>\n\n\n\n<p>Um dos personagens fundamentais para a formata\u00e7\u00e3o do futebol do Real Bras\u00edlia deixou o time nesta quinta-feira (06). O diretor de futebol, Alisson Guirra, deixou o aurianil em acordo com o clube.<\/p>\n\n\n\n<p>O an\u00fancio foi feito nas redes sociais do Real Bras\u00edlia. &#8220;Muito grato por esses dois anos que estive a frente dessa gigante institui\u00e7\u00e3o, meus sinceros agradecimentos. Sigo na torcida para o crescimento desse projeto brilhante&#8221;, comentou o ex-jogador.<\/p>\n\n\n\n<p>Em 2021, o time masculino acabou na quinta coloca\u00e7\u00e3o da chave A, na primeira fase do Candang\u00e3o, e acabou sendo rebaixado para a Segundinha 2022. J\u00e1 o time feminino ingressou na primeira divis\u00e3o do futebol nacional e est\u00e1 jogando o Brasileir\u00e3o Feminino A1, realizando a melhor campanha de um clube candango na hist\u00f3ria da competi\u00e7\u00e3o.<\/p>\n\n\n\n<p>J\u00e1 em 2020, sob a diretoria de Alisson, o Real Bras\u00edlia chegou em terceiro lugar no Candang\u00e3o, o que credenciou a equipe aurianil a jogar a Copa do Brasil deste ano.<\/p>\n","protected":false},"excerpt":{"rendered":"<p>Foto: Lucas Bolzan\/Arquivo EB Um dos personagens fundamentais para a formata\u00e7\u00e3o do futebol do Real Bras\u00edlia deixou o time nesta quinta-feira (06). O diretor de futebol, Alisson Guirra, deixou o aurianil em acordo com o clube. O an\u00fancio foi feito nas redes sociais do Real Bras\u00edlia. &#8220;Muito grato por esses dois anos que estive a [&hellip;]<\/p>\n","protected":false},"author":2,"featured_media":10598,"comment_status":"closed","ping_status":"closed","sticky":false,"template":"","format":"standard","meta":{"footnotes":""},"categories":[8],"tags":[],"class_list":["post-19253","post","type-post","status-publish","format-standard","has-post-thumbnail","hentry","category-futebol"],"_links":{"self":[{"href":"https:\/\/www.esportesbrasilia.com.br\/noticias\/wp-json\/wp\/v2\/posts\/19253","targetHints":{"allow":["GET"]}}],"collection":[{"href":"https:\/\/www.esportesbrasilia.com.br\/noticias\/wp-json\/wp\/v2\/posts"}],"about":[{"href":"https:\/\/www.esportesbrasilia.com.br\/noticias\/wp-json\/wp\/v2\/types\/post"}],"author":[{"embeddable":true,"href":"https:\/\/www.esportesbrasilia.com.br\/noticias\/wp-json\/wp\/v2\/users\/2"}],"replies":[{"embeddable":true,"href":"https:\/\/www.esportesbrasilia.com.br\/noticias\/wp-json\/wp\/v2\/comments?post=19253"}],"version-history":[{"count":3,"href":"https:\/\/www.esportesbrasilia.com.br\/noticias\/wp-json\/wp\/v2\/posts\/19253\/revisions"}],"predecessor-version":[{"id":19256,"href":"https:\/\/www.esportesbrasilia.com.br\/noticias\/wp-json\/wp\/v2\/posts\/19253\/revisions\/19256"}],"wp:featuredmedia":[{"embeddable":true,"href":"https:\/\/www.esportesbrasilia.com.br\/noticias\/wp-json\/wp\/v2\/media\/10598"}],"wp:attachment":[{"href":"https:\/\/www.esportesbrasilia.com.br\/noticias\/wp-json\/wp\/v2\/media?parent=19253"}],"wp:term":[{"taxonomy":"category","embeddable":true,"href":"https:\/\/www.esportesbrasilia.com.br\/noticias\/wp-json\/wp\/v2\/categories?post=19253"},{"taxonomy":"post_tag","embeddable":true,"href":"https:\/\/www.esportesbrasilia.com.br\/noticias\/wp-json\/wp\/v2\/tags?post=19253"}],"curies":[{"name":"wp","href":"https:\/\/api.w.org\/{rel}","templated":true}]}}