{"id":19238,"date":"2021-05-03T12:49:05","date_gmt":"2021-05-03T15:49:05","guid":{"rendered":"http:\/\/www.esportesbrasilia.com.br\/noticias\/?p=19238"},"modified":"2021-05-03T12:49:06","modified_gmt":"2021-05-03T15:49:06","slug":"cbf-confirma-tabela-do-brasileirao-feminino-a2-e-cresspom-conhece-adversarios","status":"publish","type":"post","link":"https:\/\/www.esportesbrasilia.com.br\/noticias\/futebol\/cbf-confirma-tabela-do-brasileirao-feminino-a2-e-cresspom-conhece-adversarios.html","title":{"rendered":"CBF confirma tabela do Brasileir\u00e3o Feminino A2 e Cresspom conhece advers\u00e1rios"},"content":{"rendered":"\n<p>O Cresspom vai representar o Distrito Federal na edi\u00e7\u00e3o de 2021 do Brasileir\u00e3o Feminino S\u00e9rie A2. A equipe amarela acabou herdando a vaga do Real Bras\u00edlia, que subiu para a primeira divis\u00e3o nacional.<\/p>\n\n\n\n<p>Vale lembrar que, depois de um conturbado regulamento do Candang\u00e3o 2020, o Cresspom venceu o Ceil\u00e2ndia na disputa do terceiro lugar do certame local e ficou com a vaga na competi\u00e7\u00e3o nacional.<\/p>\n\n\n\n<p>A equipe est\u00e1 alocada na chave E, ao lado de Alian\u00e7a\/GO, Atl\u00e9tico\/MG, Juventude\/BA, Mixto\/MT e SERC\/MS. A estreia do Cresspom ser\u00e1, justamente, diante do time sul-matogrossense e a partida est\u00e1 marcada para o dia 16 de maio, \u00e0s 15h, no est\u00e1dio Abadi\u00e3o, em Ceil\u00e2ndia.<\/p>\n\n\n\n<p>O Cresspom far\u00e1 tr\u00eas jogos como mandante. De acordo com o regulamento do Brasileir\u00e3o, os dois primeiros de cada chave passam automaticamente para as oitavas de final. Os quatro melhores terceiro colocados ficam com as \u00faltimas vagas e os confrontos da segunda fase ser\u00e3o definidos por sorteio.<\/p>\n\n\n\n<p>Confira a tabela da primeira fase do Cresspom na competi\u00e7\u00e3o:<\/p>\n\n\n\n<p>16\/05 &#8211; 15:00 &#8211; Abadi\u00e3o &#8211; <strong>Cresspom<\/strong> x SERC<br>23\/05 &#8211; 15:00 &#8211; Abadi\u00e3o &#8211; <strong>Cresspom<\/strong> x Atl\u00e9tico MG<br>30\/05 &#8211; 15:00 &#8211; Lomanto Junior &#8211; Juventude x <strong>Cresspom<\/strong><br>06\/06 &#8211; 15:00 &#8211; Abadi\u00e3o &#8211; <strong>Cresspom<\/strong> x Alian\u00e7a<br>18\/06 &#8211; 16:30 &#8211; Arena Pantanal &#8211; Mixto x <strong>Cresspom<\/strong><\/p>\n","protected":false},"excerpt":{"rendered":"<p>O Cresspom vai representar o Distrito Federal na edi\u00e7\u00e3o de 2021 do Brasileir\u00e3o Feminino S\u00e9rie A2. A equipe amarela acabou herdando a vaga do Real Bras\u00edlia, que subiu para a primeira divis\u00e3o nacional. Vale lembrar que, depois de um conturbado regulamento do Candang\u00e3o 2020, o Cresspom venceu o Ceil\u00e2ndia na disputa do terceiro lugar do [&hellip;]<\/p>\n","protected":false},"author":2,"featured_media":15416,"comment_status":"closed","ping_status":"closed","sticky":false,"template":"","format":"standard","meta":{"footnotes":""},"categories":[8],"tags":[],"class_list":["post-19238","post","type-post","status-publish","format-standard","has-post-thumbnail","hentry","category-futebol"],"_links":{"self":[{"href":"https:\/\/www.esportesbrasilia.com.br\/noticias\/wp-json\/wp\/v2\/posts\/19238","targetHints":{"allow":["GET"]}}],"collection":[{"href":"https:\/\/www.esportesbrasilia.com.br\/noticias\/wp-json\/wp\/v2\/posts"}],"about":[{"href":"https:\/\/www.esportesbrasilia.com.br\/noticias\/wp-json\/wp\/v2\/types\/post"}],"author":[{"embeddable":true,"href":"https:\/\/www.esportesbrasilia.com.br\/noticias\/wp-json\/wp\/v2\/users\/2"}],"replies":[{"embeddable":true,"href":"https:\/\/www.esportesbrasilia.com.br\/noticias\/wp-json\/wp\/v2\/comments?post=19238"}],"version-history":[{"count":1,"href":"https:\/\/www.esportesbrasilia.com.br\/noticias\/wp-json\/wp\/v2\/posts\/19238\/revisions"}],"predecessor-version":[{"id":19239,"href":"https:\/\/www.esportesbrasilia.com.br\/noticias\/wp-json\/wp\/v2\/posts\/19238\/revisions\/19239"}],"wp:featuredmedia":[{"embeddable":true,"href":"https:\/\/www.esportesbrasilia.com.br\/noticias\/wp-json\/wp\/v2\/media\/15416"}],"wp:attachment":[{"href":"https:\/\/www.esportesbrasilia.com.br\/noticias\/wp-json\/wp\/v2\/media?parent=19238"}],"wp:term":[{"taxonomy":"category","embeddable":true,"href":"https:\/\/www.esportesbrasilia.com.br\/noticias\/wp-json\/wp\/v2\/categories?post=19238"},{"taxonomy":"post_tag","embeddable":true,"href":"https:\/\/www.esportesbrasilia.com.br\/noticias\/wp-json\/wp\/v2\/tags?post=19238"}],"curies":[{"name":"wp","href":"https:\/\/api.w.org\/{rel}","templated":true}]}}