{"id":18970,"date":"2021-04-11T22:05:12","date_gmt":"2021-04-12T01:05:12","guid":{"rendered":"http:\/\/www.esportesbrasilia.com.br\/noticias\/?p=18970"},"modified":"2021-04-11T22:08:31","modified_gmt":"2021-04-12T01:08:31","slug":"brasilia-volei-vence-anapolis-volei-e-esta-na-elite-do-volei-masculino-brasileiro","status":"publish","type":"post","link":"https:\/\/www.esportesbrasilia.com.br\/noticias\/volei\/brasilia-volei-vence-anapolis-volei-e-esta-na-elite-do-volei-masculino-brasileiro.html","title":{"rendered":"Bras\u00edlia V\u00f4lei vence An\u00e1polis V\u00f4lei e est\u00e1 na elite do v\u00f4lei masculino brasileiro"},"content":{"rendered":"\n<p><strong>Fotos: Patricy Albuquerque<\/strong><\/p>\n\n\n\n<p>Foi no sufoco, mas o Distrito Federal est\u00e1 na elite do v\u00f4lei masculino. Isso porqu\u00ea o Bras\u00edlia V\u00f4lei venceu o An\u00e1polis V\u00f4lei por 3 sets a 0 (25\/21, 25\/20, 25\/18) na tarde deste domingo (11) e fechou a s\u00e9rie em 2&#215;1, confirmando a vaga para a grande final da Superliga Masculina B 2021.<\/p>\n\n\n\n<p>O ponteiro Lucaian foi eleito o melhor em quadra e levou o trof\u00e9u Viva V\u00f4lei. &#8220;A sensa\u00e7\u00e3o \u00e9 de dever cumprido. N\u00f3s v\u00ednhamos treinando desde setembro para este momento. Conseguimos fazer tudo aquilo que o t\u00e9cnico nos prop\u00f4s, e isso facilitou nosso jogo hoje. Estou muito feliz&#8221;, disse Lucaian.<\/p>\n\n\n\n<figure class=\"wp-block-image size-large\"><img loading=\"lazy\" decoding=\"async\" width=\"1024\" height=\"682\" src=\"https:\/\/www.esportesbrasilia.com.br\/noticias\/wp-content\/uploads\/brasiliavoleixanapolis_2-1024x682.jpg\" alt=\"\" class=\"wp-image-18972\" srcset=\"https:\/\/www.esportesbrasilia.com.br\/noticias\/wp-content\/uploads\/brasiliavoleixanapolis_2-1024x682.jpg 1024w, https:\/\/www.esportesbrasilia.com.br\/noticias\/wp-content\/uploads\/brasiliavoleixanapolis_2-300x200.jpg 300w, https:\/\/www.esportesbrasilia.com.br\/noticias\/wp-content\/uploads\/brasiliavoleixanapolis_2-768x512.jpg 768w, https:\/\/www.esportesbrasilia.com.br\/noticias\/wp-content\/uploads\/brasiliavoleixanapolis_2.jpg 1280w\" sizes=\"auto, (max-width: 1024px) 100vw, 1024px\" \/><figcaption>Jogadores do Bras\u00edlia V\u00f4lei comemoram vit\u00f3ria na s\u00e9rie melhor de tr\u00eas partidas da semifinal &#8211; Foto: Patricy Albuquerque<\/figcaption><\/figure>\n\n\n\n<p>Outro atleta que teve importante papel at\u00e9 aqui na campanha do time da capital federal foi o central Diego Dutra, que festejou muito a vaga na final e comentou sobre o equil\u00edbrio na disputa contra o An\u00e1polis V\u00f4lei.<\/p>\n\n\n\n<p>\u201cCom certeza esper\u00e1vamos um jogo dif\u00edcil. Os dois jogos anteriores foram muito duros. Mas jogando em casa a gente precisava fazer o nosso melhor, mostrar a for\u00e7a do nosso grupo. O time de An\u00e1polis \u00e9 muito forte, com muita qualidade. N\u00f3s conseguimos ajustar alguns detalhes que erramos no jogo anterior, e alcan\u00e7amos o resultado que quer\u00edamos. O bom trabalho fez a diferen\u00e7a e foi recompensado\u201d, ressaltou Dutra.<\/p>\n\n\n\n<p>Com a vit\u00f3ria, a equipe candanga chega, pela primeira vez, \u00e0 s\u00e9rie especial da Superliga Masculina, representando o Distrito Federal.<\/p>\n\n\n\n<p>Agora, o Bras\u00edlia V\u00f4lei aguarda a decis\u00e3o da outra semifinal para saber quem enfrentar\u00e1 na grande decis\u00e3o. JF V\u00f4lei e Aeroclube est\u00e3o em busca da segunda vaga para a elite nacional. O time mineiro vence a s\u00e9rie por 1&#215;0.<\/p>\n","protected":false},"excerpt":{"rendered":"<p>Fotos: Patricy Albuquerque Foi no sufoco, mas o Distrito Federal est\u00e1 na elite do v\u00f4lei masculino. Isso porqu\u00ea o Bras\u00edlia V\u00f4lei venceu o An\u00e1polis V\u00f4lei por 3 sets a 0 (25\/21, 25\/20, 25\/18) na tarde deste domingo (11) e fechou a s\u00e9rie em 2&#215;1, confirmando a vaga para a grande final da Superliga Masculina B [&hellip;]<\/p>\n","protected":false},"author":2,"featured_media":18971,"comment_status":"closed","ping_status":"closed","sticky":false,"template":"","format":"standard","meta":{"footnotes":""},"categories":[11],"tags":[],"class_list":["post-18970","post","type-post","status-publish","format-standard","has-post-thumbnail","hentry","category-volei"],"_links":{"self":[{"href":"https:\/\/www.esportesbrasilia.com.br\/noticias\/wp-json\/wp\/v2\/posts\/18970","targetHints":{"allow":["GET"]}}],"collection":[{"href":"https:\/\/www.esportesbrasilia.com.br\/noticias\/wp-json\/wp\/v2\/posts"}],"about":[{"href":"https:\/\/www.esportesbrasilia.com.br\/noticias\/wp-json\/wp\/v2\/types\/post"}],"author":[{"embeddable":true,"href":"https:\/\/www.esportesbrasilia.com.br\/noticias\/wp-json\/wp\/v2\/users\/2"}],"replies":[{"embeddable":true,"href":"https:\/\/www.esportesbrasilia.com.br\/noticias\/wp-json\/wp\/v2\/comments?post=18970"}],"version-history":[{"count":3,"href":"https:\/\/www.esportesbrasilia.com.br\/noticias\/wp-json\/wp\/v2\/posts\/18970\/revisions"}],"predecessor-version":[{"id":18977,"href":"https:\/\/www.esportesbrasilia.com.br\/noticias\/wp-json\/wp\/v2\/posts\/18970\/revisions\/18977"}],"wp:featuredmedia":[{"embeddable":true,"href":"https:\/\/www.esportesbrasilia.com.br\/noticias\/wp-json\/wp\/v2\/media\/18971"}],"wp:attachment":[{"href":"https:\/\/www.esportesbrasilia.com.br\/noticias\/wp-json\/wp\/v2\/media?parent=18970"}],"wp:term":[{"taxonomy":"category","embeddable":true,"href":"https:\/\/www.esportesbrasilia.com.br\/noticias\/wp-json\/wp\/v2\/categories?post=18970"},{"taxonomy":"post_tag","embeddable":true,"href":"https:\/\/www.esportesbrasilia.com.br\/noticias\/wp-json\/wp\/v2\/tags?post=18970"}],"curies":[{"name":"wp","href":"https:\/\/api.w.org\/{rel}","templated":true}]}}