{"id":18813,"date":"2021-04-01T12:32:07","date_gmt":"2021-04-01T15:32:07","guid":{"rendered":"http:\/\/www.esportesbrasilia.com.br\/noticias\/?p=18813"},"modified":"2021-04-01T12:32:09","modified_gmt":"2021-04-01T15:32:09","slug":"prefeitura-de-luziania-autoriza-volta-das-partidas-de-futebol-no-serra-do-lago","status":"publish","type":"post","link":"https:\/\/www.esportesbrasilia.com.br\/noticias\/futebol\/prefeitura-de-luziania-autoriza-volta-das-partidas-de-futebol-no-serra-do-lago.html","title":{"rendered":"Prefeitura de Luzi\u00e2nia autoriza volta das partidas de futebol no Serra do Lago"},"content":{"rendered":"\n<p><strong>Colaborou Lucas Fermon<\/strong><\/p>\n\n\n\n<p>O prefeito de Luzi\u00e2nia, Diego Sorgatto, assinou, na \u00faltima quarta-feira (31.03), o decreto n.\u00ba 260, que autoriza a volta do futebol profissional \u00e0 cidade da &#8220;igrejinha&#8221;.<\/p>\n\n\n\n<p>A informa\u00e7\u00e3o havia sido antecipada pelo presidente da FFDF, Daniel Vasconcelos, em entrevista \u00e0 reportagem da <strong>Esportes Bras\u00edlia<\/strong> ap\u00f3s a vit\u00f3ria do Brasiliense frente ao Gama, no est\u00e1dio Ciro Machado.<\/p>\n\n\n\n<p>A inten\u00e7\u00e3o da Federa\u00e7\u00e3o era de que, caso o governo do Distrito Federal n\u00e3o conseguisse derrubar a liminar da Justi\u00e7a Federal que proibia a retomada do futebol na capital federal, transferir a partida v\u00e1lida pela Copa do Nordeste, entre Treze\/PB e Botafogo\/PB, para o palco da cidade luzianiense. No entanto, a liminar foi derrubada por um efeito suspensivo e as partidas poder\u00e3o acontecer normalmente em Bras\u00edlia.<\/p>\n\n\n\n<p>Desde o dia 13 de mar\u00e7o, a cidade havia proibido a realiza\u00e7\u00e3o de partidas oficiais. Tal restri\u00e7\u00e3o coincidiu com o \u00faltimo jogo antes da suspens\u00e3o do Candang\u00e3o 2021, quando o Luzi\u00e2nia venceu o Formosa por 2&#215;1.<\/p>\n\n\n\n<p>O Artigo 3\u00ba do decreto informa que as partidas poder\u00e3o acontecer, desde que sigam os protocolos da Confedera\u00e7\u00e3o Brasileira de Futebol e que todos os envolvidos tenham a temperatura aferida na entrada do est\u00e1dio Serra do Lago. Quem tiver a temperatura maior que 37,8\u00baC ter\u00e1 o acesso proibido.<\/p>\n\n\n\n<p>No entanto, ainda de acordo com o decreto, as partidas de futebol amador continuam suspensas na cidade.<\/p>\n\n\n\n<p>Pelo Candang\u00e3o, o Luzi\u00e2nia volta a campo nesta sexta-feira (02), \u00e0s 15h30, diante do Capital, no est\u00e1dio Abadi\u00e3o. Em seguida, o azulino goiano joga no Serra do Lago, no dia 07, frente ao Ceil\u00e2ndia. O time \u00e9 o terceiro colocado da chave A, com seis pontos.<\/p>\n","protected":false},"excerpt":{"rendered":"<p>Colaborou Lucas Fermon O prefeito de Luzi\u00e2nia, Diego Sorgatto, assinou, na \u00faltima quarta-feira (31.03), o decreto n.\u00ba 260, que autoriza a volta do futebol profissional \u00e0 cidade da &#8220;igrejinha&#8221;. A informa\u00e7\u00e3o havia sido antecipada pelo presidente da FFDF, Daniel Vasconcelos, em entrevista \u00e0 reportagem da Esportes Bras\u00edlia ap\u00f3s a vit\u00f3ria do Brasiliense frente ao Gama, [&hellip;]<\/p>\n","protected":false},"author":2,"featured_media":18814,"comment_status":"closed","ping_status":"closed","sticky":false,"template":"","format":"standard","meta":{"footnotes":""},"categories":[8],"tags":[],"class_list":["post-18813","post","type-post","status-publish","format-standard","has-post-thumbnail","hentry","category-futebol"],"_links":{"self":[{"href":"https:\/\/www.esportesbrasilia.com.br\/noticias\/wp-json\/wp\/v2\/posts\/18813","targetHints":{"allow":["GET"]}}],"collection":[{"href":"https:\/\/www.esportesbrasilia.com.br\/noticias\/wp-json\/wp\/v2\/posts"}],"about":[{"href":"https:\/\/www.esportesbrasilia.com.br\/noticias\/wp-json\/wp\/v2\/types\/post"}],"author":[{"embeddable":true,"href":"https:\/\/www.esportesbrasilia.com.br\/noticias\/wp-json\/wp\/v2\/users\/2"}],"replies":[{"embeddable":true,"href":"https:\/\/www.esportesbrasilia.com.br\/noticias\/wp-json\/wp\/v2\/comments?post=18813"}],"version-history":[{"count":1,"href":"https:\/\/www.esportesbrasilia.com.br\/noticias\/wp-json\/wp\/v2\/posts\/18813\/revisions"}],"predecessor-version":[{"id":18815,"href":"https:\/\/www.esportesbrasilia.com.br\/noticias\/wp-json\/wp\/v2\/posts\/18813\/revisions\/18815"}],"wp:featuredmedia":[{"embeddable":true,"href":"https:\/\/www.esportesbrasilia.com.br\/noticias\/wp-json\/wp\/v2\/media\/18814"}],"wp:attachment":[{"href":"https:\/\/www.esportesbrasilia.com.br\/noticias\/wp-json\/wp\/v2\/media?parent=18813"}],"wp:term":[{"taxonomy":"category","embeddable":true,"href":"https:\/\/www.esportesbrasilia.com.br\/noticias\/wp-json\/wp\/v2\/categories?post=18813"},{"taxonomy":"post_tag","embeddable":true,"href":"https:\/\/www.esportesbrasilia.com.br\/noticias\/wp-json\/wp\/v2\/tags?post=18813"}],"curies":[{"name":"wp","href":"https:\/\/api.w.org\/{rel}","templated":true}]}}