{"id":18800,"date":"2021-03-31T18:41:04","date_gmt":"2021-03-31T21:41:04","guid":{"rendered":"http:\/\/www.esportesbrasilia.com.br\/noticias\/?p=18800"},"modified":"2021-03-31T19:30:56","modified_gmt":"2021-03-31T22:30:56","slug":"governo-do-distrito-federal-consegue-efeito-suspensivo-e-partidas-esportivas-estao-autorizadas","status":"publish","type":"post","link":"https:\/\/www.esportesbrasilia.com.br\/noticias\/futebol\/governo-do-distrito-federal-consegue-efeito-suspensivo-e-partidas-esportivas-estao-autorizadas.html","title":{"rendered":"Governo do Distrito Federal consegue efeito suspensivo e partidas esportivas est\u00e3o autorizadas"},"content":{"rendered":"\n<p><strong>Foto: Patricy Albuquerque\/Ag\u00eancia EB<\/strong><\/p>\n\n\n\n<p>O Governo do Distrito Federal conseguiu, na Justi\u00e7a, um efeito suspensivo no fim da tarde desta quarta-feira (31), que autoriza a realiza\u00e7\u00e3o de competi\u00e7\u00f5es esportivas na capital federal.<\/p>\n\n\n\n<p>A decis\u00e3o foi proferida pela Desembargadora Federal \u00c2ngela Cat\u00e3o, que Corregedora Regional da Justi\u00e7a Federal da 1\u00aa Regi\u00e3o, em regime de plant\u00e3o.<\/p>\n\n\n\n<p>Segundo a decis\u00e3o, que tamb\u00e9m reabre o com\u00e9rcio no Distrito Federal, &#8220;n\u00e3o cabe ao Poder Judici\u00e1rio o controle das pol\u00edticas p\u00fablicas implementadas pelo Poder Executivo no exerc\u00edcio da atividade administrativa&#8221;.<\/p>\n\n\n\n<p>A magistrada tamb\u00e9m entendeu que a suspens\u00e3o das atividades &#8220;dificulta o planejamento que compete ao Distrito Federal para a retomada controlada das atividades econ\u00f4micas, com preju\u00edzo da popula\u00e7\u00e3o mais vulner\u00e1vel, que n\u00e3o possui reserva financeira e depende do trabalho para garantir sua subsist\u00eancia.<\/p>\n\n\n\n<p>Com o retorno das atividades essenciais e a permiss\u00e3o de partidas esportivas, o jogo entre Treze x Botafogo\/PB, v\u00e1lido pela Copa do Nordeste, as partidas do Novo Basquete Brasil e da Superliga Masculina B de v\u00f4lei, est\u00e3o confirmadas.<\/p>\n","protected":false},"excerpt":{"rendered":"<p>Foto: Patricy Albuquerque\/Ag\u00eancia EB O Governo do Distrito Federal conseguiu, na Justi\u00e7a, um efeito suspensivo no fim da tarde desta quarta-feira (31), que autoriza a realiza\u00e7\u00e3o de competi\u00e7\u00f5es esportivas na capital federal. A decis\u00e3o foi proferida pela Desembargadora Federal \u00c2ngela Cat\u00e3o, que Corregedora Regional da Justi\u00e7a Federal da 1\u00aa Regi\u00e3o, em regime de plant\u00e3o. Segundo [&hellip;]<\/p>\n","protected":false},"author":2,"featured_media":14918,"comment_status":"closed","ping_status":"closed","sticky":false,"template":"","format":"standard","meta":{"footnotes":""},"categories":[8],"tags":[],"class_list":["post-18800","post","type-post","status-publish","format-standard","has-post-thumbnail","hentry","category-futebol"],"_links":{"self":[{"href":"https:\/\/www.esportesbrasilia.com.br\/noticias\/wp-json\/wp\/v2\/posts\/18800","targetHints":{"allow":["GET"]}}],"collection":[{"href":"https:\/\/www.esportesbrasilia.com.br\/noticias\/wp-json\/wp\/v2\/posts"}],"about":[{"href":"https:\/\/www.esportesbrasilia.com.br\/noticias\/wp-json\/wp\/v2\/types\/post"}],"author":[{"embeddable":true,"href":"https:\/\/www.esportesbrasilia.com.br\/noticias\/wp-json\/wp\/v2\/users\/2"}],"replies":[{"embeddable":true,"href":"https:\/\/www.esportesbrasilia.com.br\/noticias\/wp-json\/wp\/v2\/comments?post=18800"}],"version-history":[{"count":4,"href":"https:\/\/www.esportesbrasilia.com.br\/noticias\/wp-json\/wp\/v2\/posts\/18800\/revisions"}],"predecessor-version":[{"id":18806,"href":"https:\/\/www.esportesbrasilia.com.br\/noticias\/wp-json\/wp\/v2\/posts\/18800\/revisions\/18806"}],"wp:featuredmedia":[{"embeddable":true,"href":"https:\/\/www.esportesbrasilia.com.br\/noticias\/wp-json\/wp\/v2\/media\/14918"}],"wp:attachment":[{"href":"https:\/\/www.esportesbrasilia.com.br\/noticias\/wp-json\/wp\/v2\/media?parent=18800"}],"wp:term":[{"taxonomy":"category","embeddable":true,"href":"https:\/\/www.esportesbrasilia.com.br\/noticias\/wp-json\/wp\/v2\/categories?post=18800"},{"taxonomy":"post_tag","embeddable":true,"href":"https:\/\/www.esportesbrasilia.com.br\/noticias\/wp-json\/wp\/v2\/tags?post=18800"}],"curies":[{"name":"wp","href":"https:\/\/api.w.org\/{rel}","templated":true}]}}