{"id":18785,"date":"2021-03-30T20:40:01","date_gmt":"2021-03-30T23:40:01","guid":{"rendered":"http:\/\/www.esportesbrasilia.com.br\/noticias\/?p=18785"},"modified":"2021-03-31T00:14:33","modified_gmt":"2021-03-31T03:14:33","slug":"capital-vence-samambaia-no-abadiao-pelo-placar-minimo","status":"publish","type":"post","link":"https:\/\/www.esportesbrasilia.com.br\/noticias\/futebol\/capital-vence-samambaia-no-abadiao-pelo-placar-minimo.html","title":{"rendered":"Capital vence Samambaia no Abadi\u00e3o pelo placar m\u00ednimo"},"content":{"rendered":"\n<p><strong>Foto: Marco Ant\u00f4nio Tchefy\/Ag\u00eancia EB<\/strong><\/p>\n\n\n\n<p>Capital e Samambaia se enfrentaram na tarde desta ter\u00e7a-feira (30), no est\u00e1dio Abadi\u00e3o, em Ceil\u00e2ndia, pelo retorno do Candang\u00e3o 2021 ap\u00f3s 17 dias de paralisa\u00e7\u00e3o.<\/p>\n\n\n\n<p>A partida foi vencida pela Coruja, pelo placar m\u00ednimo. O gol da vit\u00f3ria do Capital foi marcado aos cinco minutos do segundo tempo. Romarinho cobrou falta pela direita e a bola chegou na grande \u00e1rea. Cleison acabou desviando para a rede, tirando a rea\u00e7\u00e3o do goleiro Marcelo. Gol contra no Abadi\u00e3o.<\/p>\n\n\n\n<p>Com a vit\u00f3ria, o Capital assumiu a lideran\u00e7a da chave B do Candang\u00e3o, com nove pontos ganhos. O Samambaia segue na pen\u00faltima posi\u00e7\u00e3o chave A, com um ponto ganho.<\/p>\n\n\n\n<p>Na pr\u00f3xima rodada, o Capital recebe o Luzi\u00e2nia, enquanto o Samambaia visita o Formosa. Os dois jogos acontecem nesta sexta-feira (02.04), \u00e0s 15h30.<\/p>\n\n\n\n<p class=\"has-text-align-center\"><strong>CAMPEONATO BRASILIENSE &#8211; 3\u00aa RODADA<br>SAMAMBAIA 0-1 CAPITAL<br>30.03.21 &#8211; EST\u00c1DIO ABADI\u00c3O &#8211; CEIL\u00c2NDIA\/DF<\/strong><\/p>\n\n\n\n<p>Cart\u00f5es Amarelos:<br>Alan, Hukerlyson, Cleison (Samambaia)<br>Wester, Caio, Filipe Cirne (Capital)<\/p>\n\n\n\n<p><strong>Samambaia<\/strong><br>Marcelo; Jo\u00e3o Pedro, Alan, Hukerlysson e Artur; Cleison, Wesley (Kau\u00ea) (Vin\u00edcius), Chistopher e Jairo; Lucas Sales (Weberth) e Marcos (Hurick)<br>T\u00e9cnico: Cl\u00e1udio Pinduca<\/p>\n\n\n\n<p><strong>Capital<\/strong><br>L\u00e9o Rodrigues; Wester (Jean), Juan Pablo, Vitor Carvalho e Caio; Leandro Bulh\u00f5es (Miguel), Geovane e Cabralzinho (Mykaell); David Souza, Roberto Pitio (Filipe Cirne) e Romarinho (Maicom).<br>T\u00e9cnico: Rog\u00e9rio Mancini<\/p>\n","protected":false},"excerpt":{"rendered":"<p>Foto: Marco Ant\u00f4nio Tchefy\/Ag\u00eancia EB Capital e Samambaia se enfrentaram na tarde desta ter\u00e7a-feira (30), no est\u00e1dio Abadi\u00e3o, em Ceil\u00e2ndia, pelo retorno do Candang\u00e3o 2021 ap\u00f3s 17 dias de paralisa\u00e7\u00e3o. A partida foi vencida pela Coruja, pelo placar m\u00ednimo. O gol da vit\u00f3ria do Capital foi marcado aos cinco minutos do segundo tempo. Romarinho cobrou [&hellip;]<\/p>\n","protected":false},"author":2,"featured_media":18787,"comment_status":"closed","ping_status":"closed","sticky":false,"template":"","format":"standard","meta":{"footnotes":""},"categories":[8],"tags":[],"class_list":["post-18785","post","type-post","status-publish","format-standard","has-post-thumbnail","hentry","category-futebol"],"_links":{"self":[{"href":"https:\/\/www.esportesbrasilia.com.br\/noticias\/wp-json\/wp\/v2\/posts\/18785","targetHints":{"allow":["GET"]}}],"collection":[{"href":"https:\/\/www.esportesbrasilia.com.br\/noticias\/wp-json\/wp\/v2\/posts"}],"about":[{"href":"https:\/\/www.esportesbrasilia.com.br\/noticias\/wp-json\/wp\/v2\/types\/post"}],"author":[{"embeddable":true,"href":"https:\/\/www.esportesbrasilia.com.br\/noticias\/wp-json\/wp\/v2\/users\/2"}],"replies":[{"embeddable":true,"href":"https:\/\/www.esportesbrasilia.com.br\/noticias\/wp-json\/wp\/v2\/comments?post=18785"}],"version-history":[{"count":2,"href":"https:\/\/www.esportesbrasilia.com.br\/noticias\/wp-json\/wp\/v2\/posts\/18785\/revisions"}],"predecessor-version":[{"id":18789,"href":"https:\/\/www.esportesbrasilia.com.br\/noticias\/wp-json\/wp\/v2\/posts\/18785\/revisions\/18789"}],"wp:featuredmedia":[{"embeddable":true,"href":"https:\/\/www.esportesbrasilia.com.br\/noticias\/wp-json\/wp\/v2\/media\/18787"}],"wp:attachment":[{"href":"https:\/\/www.esportesbrasilia.com.br\/noticias\/wp-json\/wp\/v2\/media?parent=18785"}],"wp:term":[{"taxonomy":"category","embeddable":true,"href":"https:\/\/www.esportesbrasilia.com.br\/noticias\/wp-json\/wp\/v2\/categories?post=18785"},{"taxonomy":"post_tag","embeddable":true,"href":"https:\/\/www.esportesbrasilia.com.br\/noticias\/wp-json\/wp\/v2\/tags?post=18785"}],"curies":[{"name":"wp","href":"https:\/\/api.w.org\/{rel}","templated":true}]}}