{"id":18768,"date":"2021-03-30T14:22:57","date_gmt":"2021-03-30T17:22:57","guid":{"rendered":"http:\/\/www.esportesbrasilia.com.br\/noticias\/?p=18768"},"modified":"2021-03-30T14:23:06","modified_gmt":"2021-03-30T17:23:06","slug":"conmebol-confirma-brasilia-como-sede-da-recopa-sul-americana","status":"publish","type":"post","link":"https:\/\/www.esportesbrasilia.com.br\/noticias\/futebol\/conmebol-confirma-brasilia-como-sede-da-recopa-sul-americana.html","title":{"rendered":"Conmebol confirma Bras\u00edlia como sede da partida de volta da Recopa Sul-Americana"},"content":{"rendered":"\n<p>A indisponibilidade de S\u00e3o Paulo para receber a edi\u00e7\u00e3o de 2020 da Recopa Sul-americana fez a Conmebol escolher Bras\u00edlia como sede da partida de volta da competi\u00e7\u00e3o.<\/p>\n\n\n\n<p>O torneio re\u00fane o campe\u00e3o da Libertadores da Am\u00e9rica, o Palmeiras, e o vencedor da Copa Sul-Americana, o Defensa y Justicia.<\/p>\n\n\n\n<p>A partida de ida acontece no dia 07 de abril, em Buenos Aires\/ARG. O jogo de volta est\u00e1 marcado para o dia 14 de abril, \u00e0s 21h30, no est\u00e1dio Nacional Man\u00e9 Garrincha.<\/p>\n\n\n\n<p>Como ainda estamos em atual pandemia da Covid-19, a presen\u00e7a de p\u00fablico ainda n\u00e3o foi confirmada pelas autoridades governamentais. Mas, at\u00e9 o momento, os torcedores n\u00e3o poder\u00e3o acompanhar a partida in loco.<\/p>\n","protected":false},"excerpt":{"rendered":"<p>A indisponibilidade de S\u00e3o Paulo para receber a edi\u00e7\u00e3o de 2020 da Recopa Sul-americana fez a Conmebol escolher Bras\u00edlia como sede da partida de volta da competi\u00e7\u00e3o. O torneio re\u00fane o campe\u00e3o da Libertadores da Am\u00e9rica, o Palmeiras, e o vencedor da Copa Sul-Americana, o Defensa y Justicia. A partida de ida acontece no dia [&hellip;]<\/p>\n","protected":false},"author":2,"featured_media":18769,"comment_status":"closed","ping_status":"closed","sticky":false,"template":"","format":"standard","meta":{"footnotes":""},"categories":[8],"tags":[],"class_list":["post-18768","post","type-post","status-publish","format-standard","has-post-thumbnail","hentry","category-futebol"],"_links":{"self":[{"href":"https:\/\/www.esportesbrasilia.com.br\/noticias\/wp-json\/wp\/v2\/posts\/18768","targetHints":{"allow":["GET"]}}],"collection":[{"href":"https:\/\/www.esportesbrasilia.com.br\/noticias\/wp-json\/wp\/v2\/posts"}],"about":[{"href":"https:\/\/www.esportesbrasilia.com.br\/noticias\/wp-json\/wp\/v2\/types\/post"}],"author":[{"embeddable":true,"href":"https:\/\/www.esportesbrasilia.com.br\/noticias\/wp-json\/wp\/v2\/users\/2"}],"replies":[{"embeddable":true,"href":"https:\/\/www.esportesbrasilia.com.br\/noticias\/wp-json\/wp\/v2\/comments?post=18768"}],"version-history":[{"count":2,"href":"https:\/\/www.esportesbrasilia.com.br\/noticias\/wp-json\/wp\/v2\/posts\/18768\/revisions"}],"predecessor-version":[{"id":18771,"href":"https:\/\/www.esportesbrasilia.com.br\/noticias\/wp-json\/wp\/v2\/posts\/18768\/revisions\/18771"}],"wp:featuredmedia":[{"embeddable":true,"href":"https:\/\/www.esportesbrasilia.com.br\/noticias\/wp-json\/wp\/v2\/media\/18769"}],"wp:attachment":[{"href":"https:\/\/www.esportesbrasilia.com.br\/noticias\/wp-json\/wp\/v2\/media?parent=18768"}],"wp:term":[{"taxonomy":"category","embeddable":true,"href":"https:\/\/www.esportesbrasilia.com.br\/noticias\/wp-json\/wp\/v2\/categories?post=18768"},{"taxonomy":"post_tag","embeddable":true,"href":"https:\/\/www.esportesbrasilia.com.br\/noticias\/wp-json\/wp\/v2\/tags?post=18768"}],"curies":[{"name":"wp","href":"https:\/\/api.w.org\/{rel}","templated":true}]}}