{"id":18762,"date":"2021-03-29T14:34:29","date_gmt":"2021-03-29T17:34:29","guid":{"rendered":"http:\/\/www.esportesbrasilia.com.br\/noticias\/?p=18762"},"modified":"2021-03-29T14:34:30","modified_gmt":"2021-03-29T17:34:30","slug":"estrutura-do-hospital-de-campanha-e-retirada-do-gramado-do-bezerrao-e-os-jogos","status":"publish","type":"post","link":"https:\/\/www.esportesbrasilia.com.br\/noticias\/futebol\/estrutura-do-hospital-de-campanha-e-retirada-do-gramado-do-bezerrao-e-os-jogos.html","title":{"rendered":"Estrutura do hospital de campanha \u00e9 retirada do gramado do Bezerr\u00e3o. E os jogos?"},"content":{"rendered":"\n<p>Como voc\u00ea leu no in\u00edcio da tarde desta segunda-feira (29) aqui na <strong>Esportes Bras\u00edlia<\/strong>, a estrutura de um hospital de campanha para o combate da pandemia da Covid-19 come\u00e7ou a ser montada no gramado do est\u00e1dio Bezerr\u00e3o, onde aconteceriam nesta semana duas partidas: uma v\u00e1lida pelo Candang\u00e3o e uma pela Copa do Nordeste.<\/p>\n\n\n\n<p>No entanto, em comunicado emitido pela comunica\u00e7\u00e3o da Novacap, empresa respons\u00e1vel pela constru\u00e7\u00e3o dos tr\u00eas hospitais (Aut\u00f3dromo Nelson Piquet, Ceil\u00e2ndia e Gama) previstos pelo governo do Distrito Federal, a instala\u00e7\u00e3o n\u00e3o ser\u00e1 mais feita no gramado, mas sim no estacionamento do est\u00e1dio.<\/p>\n\n\n\n<p>&#8220;O local definido em edital \u00e9 o mesmo, sempre foi no Complexo Esportivo do Gama, no qual o Bezerr\u00e3o est\u00e1 inserido. A \u00fanica mudan\u00e7a foi no ponto de montagem, que estava sendo feito no gramado e j\u00e1 foi deslocado para o estacionamento que \u00e9 ao lado. A raz\u00e3o \u00e9 que o estacionamento tamb\u00e9m oferece estrutura para a montagem&#8221;, diz o texto enviado pela Novacap.<\/p>\n\n\n\n<p>Mesmo com a remo\u00e7\u00e3o da constru\u00e7\u00e3o para o lado externo do est\u00e1dio, em contato com a reportagem da <strong>EB<\/strong>, o diretor de futebol da FFDF, M\u00e1rcio Coutinho, assegurou que, no momento do fechamento desse texto, o cl\u00e1ssico entre Gama e Brasiliense est\u00e1 confirmado para o est\u00e1dio Ciro Machado, na Vila Planalto.<\/p>\n\n\n\n<p>&#8220;Ainda n\u00e3o sabemos quais os danos que esta montagem trouxe ao est\u00e1dio. Podem ter ca\u00eddo pregos, resqu\u00edcios de obra, n\u00e3o sabemos como est\u00e1 o gramado, se houve defeito na drenagem. Este \u00e9 um risco para quem for a campo&#8221;, explicou o diretor.<\/p>\n\n\n\n<p>Ainda segundo M\u00e1rcio, caso o Gama queira voltar o jogo para o est\u00e1dio Bezerr\u00e3o, dever\u00e3o ser planejados &#8211; por parte da diretoria do alviverde candango &#8211; laudos de seguran\u00e7a e policiamento, uma vez que, sempre que h\u00e1 um cl\u00e1ssico na capital federal, o risco de torcidas organizadas se encontrarem e promoverem confus\u00e3o \u00e9 alto.<\/p>\n\n\n\n<p>At\u00e9 o momento, a CBF n\u00e3o se pronunciou sobre uma eventual mudan\u00e7a de local do confronto entre Treze\/PB e Botafogo\/PB, v\u00e1lido pela sexta rodada da Copa do Nordeste. Com isso, o jogo est\u00e1 confirmado para esta quinta-feira (01.04), \u00e0s 19h30.<\/p>\n","protected":false},"excerpt":{"rendered":"<p>Como voc\u00ea leu no in\u00edcio da tarde desta segunda-feira (29) aqui na Esportes Bras\u00edlia, a estrutura de um hospital de campanha para o combate da pandemia da Covid-19 come\u00e7ou a ser montada no gramado do est\u00e1dio Bezerr\u00e3o, onde aconteceriam nesta semana duas partidas: uma v\u00e1lida pelo Candang\u00e3o e uma pela Copa do Nordeste. No entanto, [&hellip;]<\/p>\n","protected":false},"author":2,"featured_media":18763,"comment_status":"closed","ping_status":"closed","sticky":false,"template":"","format":"standard","meta":{"footnotes":""},"categories":[8],"tags":[],"class_list":["post-18762","post","type-post","status-publish","format-standard","has-post-thumbnail","hentry","category-futebol"],"_links":{"self":[{"href":"https:\/\/www.esportesbrasilia.com.br\/noticias\/wp-json\/wp\/v2\/posts\/18762","targetHints":{"allow":["GET"]}}],"collection":[{"href":"https:\/\/www.esportesbrasilia.com.br\/noticias\/wp-json\/wp\/v2\/posts"}],"about":[{"href":"https:\/\/www.esportesbrasilia.com.br\/noticias\/wp-json\/wp\/v2\/types\/post"}],"author":[{"embeddable":true,"href":"https:\/\/www.esportesbrasilia.com.br\/noticias\/wp-json\/wp\/v2\/users\/2"}],"replies":[{"embeddable":true,"href":"https:\/\/www.esportesbrasilia.com.br\/noticias\/wp-json\/wp\/v2\/comments?post=18762"}],"version-history":[{"count":1,"href":"https:\/\/www.esportesbrasilia.com.br\/noticias\/wp-json\/wp\/v2\/posts\/18762\/revisions"}],"predecessor-version":[{"id":18764,"href":"https:\/\/www.esportesbrasilia.com.br\/noticias\/wp-json\/wp\/v2\/posts\/18762\/revisions\/18764"}],"wp:featuredmedia":[{"embeddable":true,"href":"https:\/\/www.esportesbrasilia.com.br\/noticias\/wp-json\/wp\/v2\/media\/18763"}],"wp:attachment":[{"href":"https:\/\/www.esportesbrasilia.com.br\/noticias\/wp-json\/wp\/v2\/media?parent=18762"}],"wp:term":[{"taxonomy":"category","embeddable":true,"href":"https:\/\/www.esportesbrasilia.com.br\/noticias\/wp-json\/wp\/v2\/categories?post=18762"},{"taxonomy":"post_tag","embeddable":true,"href":"https:\/\/www.esportesbrasilia.com.br\/noticias\/wp-json\/wp\/v2\/tags?post=18762"}],"curies":[{"name":"wp","href":"https:\/\/api.w.org\/{rel}","templated":true}]}}