{"id":18760,"date":"2021-03-29T12:17:45","date_gmt":"2021-03-29T15:17:45","guid":{"rendered":"http:\/\/www.esportesbrasilia.com.br\/noticias\/?p=18760"},"modified":"2021-03-29T12:17:46","modified_gmt":"2021-03-29T15:17:46","slug":"bezerrao-recebe-hospital-de-campanha-e-classico-entre-gama-e-brasiliense-muda-de-local","status":"publish","type":"post","link":"https:\/\/www.esportesbrasilia.com.br\/noticias\/futebol\/bezerrao-recebe-hospital-de-campanha-e-classico-entre-gama-e-brasiliense-muda-de-local.html","title":{"rendered":"Bezerr\u00e3o recebe hospital de campanha e cl\u00e1ssico entre Gama e Brasiliense muda de local"},"content":{"rendered":"\n<p>Uma not\u00edcia pegou de surpresa as diretorias de Gama, Brasiliense, bem como da Federa\u00e7\u00e3o de Futebol do Distrito Federal. Segundo determina\u00e7\u00e3o do governo do Distrito Federal, um hospital de campanha para combater a dissemina\u00e7\u00e3o do v\u00edrus da Covid-19 deveria ser instalado no Centro Ol\u00edmpico do Gama, que fica ao lado do est\u00e1dio Bezerr\u00e3o.<\/p>\n\n\n\n<p>No entanto, na noite deste domingo (28), oper\u00e1rios iniciaram a instala\u00e7\u00e3o do espa\u00e7o de sa\u00fade no gramado do est\u00e1dio Bezerr\u00e3o, sem aviso pr\u00e9vio aos dirigentes do futebol. A reportagem da <strong>Esportes Bras\u00edlia<\/strong> procurou a secretaria de Sa\u00fade, mas n\u00e3o obteve resposta at\u00e9 o fechamento desta mat\u00e9ria do motivo porque a instala\u00e7\u00e3o mudou de local.<\/p>\n\n\n\n<p>Com isso, o cl\u00e1ssico entre Gama e Brasiliense, v\u00e1lido pela terceira rodada do Candang\u00e3o 2021, teve que mudar de local. O jogo marcado para a tarde da pr\u00f3xima quarta-feira (31) , \u00e0s 15h30, ser\u00e1 disputado no est\u00e1dio Ciro Machado, o Defel\u00ea, na Vila Planalto.<\/p>\n","protected":false},"excerpt":{"rendered":"<p>Uma not\u00edcia pegou de surpresa as diretorias de Gama, Brasiliense, bem como da Federa\u00e7\u00e3o de Futebol do Distrito Federal. Segundo determina\u00e7\u00e3o do governo do Distrito Federal, um hospital de campanha para combater a dissemina\u00e7\u00e3o do v\u00edrus da Covid-19 deveria ser instalado no Centro Ol\u00edmpico do Gama, que fica ao lado do est\u00e1dio Bezerr\u00e3o. No entanto, [&hellip;]<\/p>\n","protected":false},"author":2,"featured_media":13224,"comment_status":"closed","ping_status":"closed","sticky":false,"template":"","format":"standard","meta":{"footnotes":""},"categories":[8],"tags":[],"class_list":["post-18760","post","type-post","status-publish","format-standard","has-post-thumbnail","hentry","category-futebol"],"_links":{"self":[{"href":"https:\/\/www.esportesbrasilia.com.br\/noticias\/wp-json\/wp\/v2\/posts\/18760","targetHints":{"allow":["GET"]}}],"collection":[{"href":"https:\/\/www.esportesbrasilia.com.br\/noticias\/wp-json\/wp\/v2\/posts"}],"about":[{"href":"https:\/\/www.esportesbrasilia.com.br\/noticias\/wp-json\/wp\/v2\/types\/post"}],"author":[{"embeddable":true,"href":"https:\/\/www.esportesbrasilia.com.br\/noticias\/wp-json\/wp\/v2\/users\/2"}],"replies":[{"embeddable":true,"href":"https:\/\/www.esportesbrasilia.com.br\/noticias\/wp-json\/wp\/v2\/comments?post=18760"}],"version-history":[{"count":1,"href":"https:\/\/www.esportesbrasilia.com.br\/noticias\/wp-json\/wp\/v2\/posts\/18760\/revisions"}],"predecessor-version":[{"id":18761,"href":"https:\/\/www.esportesbrasilia.com.br\/noticias\/wp-json\/wp\/v2\/posts\/18760\/revisions\/18761"}],"wp:featuredmedia":[{"embeddable":true,"href":"https:\/\/www.esportesbrasilia.com.br\/noticias\/wp-json\/wp\/v2\/media\/13224"}],"wp:attachment":[{"href":"https:\/\/www.esportesbrasilia.com.br\/noticias\/wp-json\/wp\/v2\/media?parent=18760"}],"wp:term":[{"taxonomy":"category","embeddable":true,"href":"https:\/\/www.esportesbrasilia.com.br\/noticias\/wp-json\/wp\/v2\/categories?post=18760"},{"taxonomy":"post_tag","embeddable":true,"href":"https:\/\/www.esportesbrasilia.com.br\/noticias\/wp-json\/wp\/v2\/tags?post=18760"}],"curies":[{"name":"wp","href":"https:\/\/api.w.org\/{rel}","templated":true}]}}