{"id":18746,"date":"2021-03-27T20:40:00","date_gmt":"2021-03-27T23:40:00","guid":{"rendered":"http:\/\/www.esportesbrasilia.com.br\/noticias\/?p=18746"},"modified":"2021-03-28T00:57:19","modified_gmt":"2021-03-28T03:57:19","slug":"cbf-divulga-chaves-do-brasileirao-serie-d-2021","status":"publish","type":"post","link":"https:\/\/www.esportesbrasilia.com.br\/noticias\/futebol\/cbf-divulga-chaves-do-brasileirao-serie-d-2021.html","title":{"rendered":"CBF divulga chaves do Brasileir\u00e3o S\u00e9rie D 2021"},"content":{"rendered":"\n<p>Agora \u00e9 oficial. A Confedera\u00e7\u00e3o Brasileira de Futebol divulgou, no in\u00edcio da noite deste s\u00e1bado (27), as chaves de mais uma edi\u00e7\u00e3o do Campeonato Brasileiro S\u00e9rie D. O Distrito Federal ter\u00e1 dois representantes na competi\u00e7\u00e3o: o Gama, campe\u00e3o candango de 2020, e o Brasiliense, atual vice-campe\u00e3o local.<\/p>\n\n\n\n<p>O campeonato ser\u00e1 disputado na mesma f\u00f3rmula do ano passado. Haver\u00e1 uma pr\u00e9-seletiva, onde oito equipes brigam por quatro vagas. O Brasiliense vai participar desta fase e enfrentar\u00e1 o Real Ariquemes\/RO.<\/p>\n\n\n\n<p>Caso garanta a classifica\u00e7\u00e3o, o Jacar\u00e9 se junta a outras 60 equipes (dentre elas, o Gama) e \u00e0s tr\u00eas que garantirem o acesso ap\u00f3s a pr\u00e9-seletiva.<\/p>\n\n\n\n<p>O alviverde candango est\u00e1 alocado na chave A05, ao lado de Porto Velho\/RO, Jaragu\u00e1\/GO, Goian\u00e9sia\/GO, Apardcidense\/GO, Nova Mutum\/MT e Uni\u00e3o Rondon\u00f3polis\/MT. Quem passar da seletiva entre Brasiliense e Real Ariquemes entrar\u00e1 nesta chave.<\/p>\n\n\n\n<p>A primeira rodada est\u00e1 marcada para o dia 05 de junho e o Gama estrear\u00e1 fora de casa, diante do Jaragu\u00e1. Quem passar da seletiva estreia em casa, frente ao Goian\u00e9sia.<\/p>\n","protected":false},"excerpt":{"rendered":"<p>Agora \u00e9 oficial. A Confedera\u00e7\u00e3o Brasileira de Futebol divulgou, no in\u00edcio da noite deste s\u00e1bado (27), as chaves de mais uma edi\u00e7\u00e3o do Campeonato Brasileiro S\u00e9rie D. O Distrito Federal ter\u00e1 dois representantes na competi\u00e7\u00e3o: o Gama, campe\u00e3o candango de 2020, e o Brasiliense, atual vice-campe\u00e3o local. O campeonato ser\u00e1 disputado na mesma f\u00f3rmula do [&hellip;]<\/p>\n","protected":false},"author":2,"featured_media":14304,"comment_status":"closed","ping_status":"closed","sticky":false,"template":"","format":"standard","meta":{"footnotes":""},"categories":[8],"tags":[],"class_list":["post-18746","post","type-post","status-publish","format-standard","has-post-thumbnail","hentry","category-futebol"],"_links":{"self":[{"href":"https:\/\/www.esportesbrasilia.com.br\/noticias\/wp-json\/wp\/v2\/posts\/18746","targetHints":{"allow":["GET"]}}],"collection":[{"href":"https:\/\/www.esportesbrasilia.com.br\/noticias\/wp-json\/wp\/v2\/posts"}],"about":[{"href":"https:\/\/www.esportesbrasilia.com.br\/noticias\/wp-json\/wp\/v2\/types\/post"}],"author":[{"embeddable":true,"href":"https:\/\/www.esportesbrasilia.com.br\/noticias\/wp-json\/wp\/v2\/users\/2"}],"replies":[{"embeddable":true,"href":"https:\/\/www.esportesbrasilia.com.br\/noticias\/wp-json\/wp\/v2\/comments?post=18746"}],"version-history":[{"count":3,"href":"https:\/\/www.esportesbrasilia.com.br\/noticias\/wp-json\/wp\/v2\/posts\/18746\/revisions"}],"predecessor-version":[{"id":18751,"href":"https:\/\/www.esportesbrasilia.com.br\/noticias\/wp-json\/wp\/v2\/posts\/18746\/revisions\/18751"}],"wp:featuredmedia":[{"embeddable":true,"href":"https:\/\/www.esportesbrasilia.com.br\/noticias\/wp-json\/wp\/v2\/media\/14304"}],"wp:attachment":[{"href":"https:\/\/www.esportesbrasilia.com.br\/noticias\/wp-json\/wp\/v2\/media?parent=18746"}],"wp:term":[{"taxonomy":"category","embeddable":true,"href":"https:\/\/www.esportesbrasilia.com.br\/noticias\/wp-json\/wp\/v2\/categories?post=18746"},{"taxonomy":"post_tag","embeddable":true,"href":"https:\/\/www.esportesbrasilia.com.br\/noticias\/wp-json\/wp\/v2\/tags?post=18746"}],"curies":[{"name":"wp","href":"https:\/\/api.w.org\/{rel}","templated":true}]}}