{"id":18741,"date":"2021-03-27T00:22:50","date_gmt":"2021-03-27T03:22:50","guid":{"rendered":"http:\/\/www.esportesbrasilia.com.br\/noticias\/?p=18741"},"modified":"2021-03-27T00:24:24","modified_gmt":"2021-03-27T03:24:24","slug":"distrito-federal-recebera-partida-da-copa-da-nordeste-2021-entre-times-paraibanos","status":"publish","type":"post","link":"https:\/\/www.esportesbrasilia.com.br\/noticias\/futebol\/distrito-federal-recebera-partida-da-copa-da-nordeste-2021-entre-times-paraibanos.html","title":{"rendered":"Distrito Federal receber\u00e1 partida da Copa da Nordeste 2021 entre times paraibanos"},"content":{"rendered":"\n<p>O Distrito Federal ter\u00e1 partidas de futebol autorizadas a partir do dia 29 de mar\u00e7o, por conta de um decreto assinado pelo governador Ibaneis Rocha na \u00faltima semana.<\/p>\n\n\n\n<p>Em outros estados, por conta do aumento da contamina\u00e7\u00e3o pela Covid-19, o futebol est\u00e1 sendo paralisado e proibido de ser disputado. No auge da segunda onda da pandemia, quando era disputada a Copa Verde 2020, a capital federal sediou jogos de Manaus e Fast Clube, do Amazonas, do Independente e do Paysandu, do Par\u00e1, e do Ji-Paran\u00e1\/RO.<\/p>\n\n\n\n<p>Esse expediente voltar\u00e1 a ser repetido na Copa do Nordeste 2021 e o Distrito Federal voltar\u00e1 a sediar partidas de outros estados, agora por conta da paralisa\u00e7\u00e3o do futebol na Para\u00edba at\u00e9 o dia 04 de abril, determinado por decreto assinado pelo governador Jo\u00e3o Azev\u00eado.<\/p>\n\n\n\n<p>O jogo entre Treze\/PB e Botafogo\/PB, v\u00e1lido pela sexta rodada da competi\u00e7\u00e3o nordestina, aconteceria no est\u00e1dio Amig\u00e3o, em Campina Grande\/PB, neste domingo (28). No entanto, o confronto ser\u00e1 realizado no est\u00e1dio Bezerr\u00e3o, no Gama, na pr\u00f3xima quinta-feira (01.04), \u00e0s 19h30.<\/p>\n\n\n\n<p>A transfer\u00eancia de sede e o adiamento da partida j\u00e1 foram regulamentados pela CBF em documento oficial.<\/p>\n\n\n\n<p>O Treze est\u00e1 na s\u00e9tima posi\u00e7\u00e3o da chave A da Copa do Nordeste, com cinco pontos. J\u00e1 o Botafogo est\u00e1 na mesma posi\u00e7\u00e3o, mas na chave B, com quatro pontos.<\/p>\n","protected":false},"excerpt":{"rendered":"<p>O Distrito Federal ter\u00e1 partidas de futebol autorizadas a partir do dia 29 de mar\u00e7o, por conta de um decreto assinado pelo governador Ibaneis Rocha na \u00faltima semana. Em outros estados, por conta do aumento da contamina\u00e7\u00e3o pela Covid-19, o futebol est\u00e1 sendo paralisado e proibido de ser disputado. No auge da segunda onda da [&hellip;]<\/p>\n","protected":false},"author":2,"featured_media":18742,"comment_status":"closed","ping_status":"closed","sticky":false,"template":"","format":"standard","meta":{"footnotes":""},"categories":[8],"tags":[],"class_list":["post-18741","post","type-post","status-publish","format-standard","has-post-thumbnail","hentry","category-futebol"],"_links":{"self":[{"href":"https:\/\/www.esportesbrasilia.com.br\/noticias\/wp-json\/wp\/v2\/posts\/18741","targetHints":{"allow":["GET"]}}],"collection":[{"href":"https:\/\/www.esportesbrasilia.com.br\/noticias\/wp-json\/wp\/v2\/posts"}],"about":[{"href":"https:\/\/www.esportesbrasilia.com.br\/noticias\/wp-json\/wp\/v2\/types\/post"}],"author":[{"embeddable":true,"href":"https:\/\/www.esportesbrasilia.com.br\/noticias\/wp-json\/wp\/v2\/users\/2"}],"replies":[{"embeddable":true,"href":"https:\/\/www.esportesbrasilia.com.br\/noticias\/wp-json\/wp\/v2\/comments?post=18741"}],"version-history":[{"count":2,"href":"https:\/\/www.esportesbrasilia.com.br\/noticias\/wp-json\/wp\/v2\/posts\/18741\/revisions"}],"predecessor-version":[{"id":18745,"href":"https:\/\/www.esportesbrasilia.com.br\/noticias\/wp-json\/wp\/v2\/posts\/18741\/revisions\/18745"}],"wp:featuredmedia":[{"embeddable":true,"href":"https:\/\/www.esportesbrasilia.com.br\/noticias\/wp-json\/wp\/v2\/media\/18742"}],"wp:attachment":[{"href":"https:\/\/www.esportesbrasilia.com.br\/noticias\/wp-json\/wp\/v2\/media?parent=18741"}],"wp:term":[{"taxonomy":"category","embeddable":true,"href":"https:\/\/www.esportesbrasilia.com.br\/noticias\/wp-json\/wp\/v2\/categories?post=18741"},{"taxonomy":"post_tag","embeddable":true,"href":"https:\/\/www.esportesbrasilia.com.br\/noticias\/wp-json\/wp\/v2\/tags?post=18741"}],"curies":[{"name":"wp","href":"https:\/\/api.w.org\/{rel}","templated":true}]}}