{"id":18730,"date":"2021-03-26T15:04:41","date_gmt":"2021-03-26T18:04:41","guid":{"rendered":"http:\/\/www.esportesbrasilia.com.br\/noticias\/?p=18730"},"modified":"2021-03-26T15:04:42","modified_gmt":"2021-03-26T18:04:42","slug":"jogadora-brasiliense-e-convocada-para-a-selecao-brasileira-visando-as-olimpiadas","status":"publish","type":"post","link":"https:\/\/www.esportesbrasilia.com.br\/noticias\/futebol\/jogadora-brasiliense-e-convocada-para-a-selecao-brasileira-visando-as-olimpiadas.html","title":{"rendered":"Jogadora brasiliense \u00e9 convocada para a sele\u00e7\u00e3o brasileira visando as olimp\u00edadas"},"content":{"rendered":"\n<p><strong>Foto: Bruno Teixeira\/Ag\u00eancia Corinthians<\/strong><\/p>\n\n\n\n<p>A t\u00e9cnica Pia Sundhage convocou a sele\u00e7\u00e3o brasileira feminina para treinos na Granja Comary, em Teres\u00f3polis\/RJ, visando a prepara\u00e7\u00e3o para os Jogos Ol\u00edmpicos de T\u00f3quio 2020, que ser\u00e3o disputados em 2021.<\/p>\n\n\n\n<p>A lista, composta por 23 jogadoras, tem a participa\u00e7\u00e3o de uma jogadora candanga. Victoria Albuquerque, que j\u00e1 vestiu a camisa do Minas Bras\u00edlia, e que \u00e9 atualmente jogadora do Corinthians, foi convocada para a atividade entre os dias 05 e 13 de abril.<\/p>\n\n\n\n<p>Em grande fase no alvinegro paulista, Vic anotou dois gols na vit\u00f3ria do Corinthians por 4&#215;0 sobre a Universidad de Chile, na disputa do terceiro lugar da Libertadores da Am\u00e9rica. No ano passado, a jogadora anotou 12 gols em 26 partidas pela equipe.<\/p>\n","protected":false},"excerpt":{"rendered":"<p>Foto: Bruno Teixeira\/Ag\u00eancia Corinthians A t\u00e9cnica Pia Sundhage convocou a sele\u00e7\u00e3o brasileira feminina para treinos na Granja Comary, em Teres\u00f3polis\/RJ, visando a prepara\u00e7\u00e3o para os Jogos Ol\u00edmpicos de T\u00f3quio 2020, que ser\u00e3o disputados em 2021. A lista, composta por 23 jogadoras, tem a participa\u00e7\u00e3o de uma jogadora candanga. Victoria Albuquerque, que j\u00e1 vestiu a camisa [&hellip;]<\/p>\n","protected":false},"author":2,"featured_media":18731,"comment_status":"closed","ping_status":"closed","sticky":false,"template":"","format":"standard","meta":{"footnotes":""},"categories":[8],"tags":[],"class_list":["post-18730","post","type-post","status-publish","format-standard","has-post-thumbnail","hentry","category-futebol"],"_links":{"self":[{"href":"https:\/\/www.esportesbrasilia.com.br\/noticias\/wp-json\/wp\/v2\/posts\/18730","targetHints":{"allow":["GET"]}}],"collection":[{"href":"https:\/\/www.esportesbrasilia.com.br\/noticias\/wp-json\/wp\/v2\/posts"}],"about":[{"href":"https:\/\/www.esportesbrasilia.com.br\/noticias\/wp-json\/wp\/v2\/types\/post"}],"author":[{"embeddable":true,"href":"https:\/\/www.esportesbrasilia.com.br\/noticias\/wp-json\/wp\/v2\/users\/2"}],"replies":[{"embeddable":true,"href":"https:\/\/www.esportesbrasilia.com.br\/noticias\/wp-json\/wp\/v2\/comments?post=18730"}],"version-history":[{"count":1,"href":"https:\/\/www.esportesbrasilia.com.br\/noticias\/wp-json\/wp\/v2\/posts\/18730\/revisions"}],"predecessor-version":[{"id":18732,"href":"https:\/\/www.esportesbrasilia.com.br\/noticias\/wp-json\/wp\/v2\/posts\/18730\/revisions\/18732"}],"wp:featuredmedia":[{"embeddable":true,"href":"https:\/\/www.esportesbrasilia.com.br\/noticias\/wp-json\/wp\/v2\/media\/18731"}],"wp:attachment":[{"href":"https:\/\/www.esportesbrasilia.com.br\/noticias\/wp-json\/wp\/v2\/media?parent=18730"}],"wp:term":[{"taxonomy":"category","embeddable":true,"href":"https:\/\/www.esportesbrasilia.com.br\/noticias\/wp-json\/wp\/v2\/categories?post=18730"},{"taxonomy":"post_tag","embeddable":true,"href":"https:\/\/www.esportesbrasilia.com.br\/noticias\/wp-json\/wp\/v2\/tags?post=18730"}],"curies":[{"name":"wp","href":"https:\/\/api.w.org\/{rel}","templated":true}]}}