{"id":18724,"date":"2021-03-23T12:43:46","date_gmt":"2021-03-23T15:43:46","guid":{"rendered":"http:\/\/www.esportesbrasilia.com.br\/noticias\/?p=18724"},"modified":"2021-03-23T12:43:47","modified_gmt":"2021-03-23T15:43:47","slug":"em-busca-de-atingir-a-lideranca-da-chave-a-luziania-traz-atacante","status":"publish","type":"post","link":"https:\/\/www.esportesbrasilia.com.br\/noticias\/futebol\/em-busca-de-atingir-a-lideranca-da-chave-a-luziania-traz-atacante.html","title":{"rendered":"Em busca de atingir a lideran\u00e7a da chave A, Luzi\u00e2nia traz atacante"},"content":{"rendered":"\n<p><strong>Foto: Divulga\u00e7\u00e3o<\/strong><\/p>\n\n\n\n<p>O Luzi\u00e2nia \u00e9 o atual terceiro colocado da chave A do Candang\u00e3o 2021, com seis pontos ganhos em tr\u00eas jogos. O azulino goiano est\u00e1 empatado em n\u00famero de pontos com o l\u00edder Taguatinga e o segundo colocado Una\u00ed, mas est\u00e1 na terceira posi\u00e7\u00e3o no saldo de gols.<\/p>\n\n\n\n<p>A equipe comandada por Ricardo Ant\u00f4nio almeja a ponta da tabela e, para isso, foi ao mercado e trouxe mais um atacante. Trata-se de Alexandre Balotelli, de 28 anos, nascido em Governador Valadares\/MG.<\/p>\n\n\n\n<p>Alexandre j\u00e1 atuou em times como Boa Esporte\/MG, Nacional de Muria\u00e9\/MG e jogou no Kasetsart FC, equipe da segunda divis\u00e3o tailandesa. Antes de chegar ao time bicampe\u00e3o candango, Alexandre estava no Rio S\u00e3o Paulo, time da terceira divis\u00e3o carioca.<\/p>\n\n\n\n<p>A contrata\u00e7\u00e3o de Alexandre j\u00e1 foi publicada no Bid-e da CBF e ele est\u00e1 a disposi\u00e7\u00e3o de Ricardo Ant\u00f4nio para os jogos do Candang\u00e3o 2021. A pr\u00f3xima partida do Luzi\u00e2nia ser\u00e1 no dia 02 de abril, \u00e0s 15h30, no Bezerr\u00e3o, diante do Capital.<\/p>\n","protected":false},"excerpt":{"rendered":"<p>Foto: Divulga\u00e7\u00e3o O Luzi\u00e2nia \u00e9 o atual terceiro colocado da chave A do Candang\u00e3o 2021, com seis pontos ganhos em tr\u00eas jogos. O azulino goiano est\u00e1 empatado em n\u00famero de pontos com o l\u00edder Taguatinga e o segundo colocado Una\u00ed, mas est\u00e1 na terceira posi\u00e7\u00e3o no saldo de gols. A equipe comandada por Ricardo Ant\u00f4nio [&hellip;]<\/p>\n","protected":false},"author":2,"featured_media":18725,"comment_status":"closed","ping_status":"closed","sticky":false,"template":"","format":"standard","meta":{"footnotes":""},"categories":[8],"tags":[],"class_list":["post-18724","post","type-post","status-publish","format-standard","has-post-thumbnail","hentry","category-futebol"],"_links":{"self":[{"href":"https:\/\/www.esportesbrasilia.com.br\/noticias\/wp-json\/wp\/v2\/posts\/18724","targetHints":{"allow":["GET"]}}],"collection":[{"href":"https:\/\/www.esportesbrasilia.com.br\/noticias\/wp-json\/wp\/v2\/posts"}],"about":[{"href":"https:\/\/www.esportesbrasilia.com.br\/noticias\/wp-json\/wp\/v2\/types\/post"}],"author":[{"embeddable":true,"href":"https:\/\/www.esportesbrasilia.com.br\/noticias\/wp-json\/wp\/v2\/users\/2"}],"replies":[{"embeddable":true,"href":"https:\/\/www.esportesbrasilia.com.br\/noticias\/wp-json\/wp\/v2\/comments?post=18724"}],"version-history":[{"count":1,"href":"https:\/\/www.esportesbrasilia.com.br\/noticias\/wp-json\/wp\/v2\/posts\/18724\/revisions"}],"predecessor-version":[{"id":18726,"href":"https:\/\/www.esportesbrasilia.com.br\/noticias\/wp-json\/wp\/v2\/posts\/18724\/revisions\/18726"}],"wp:featuredmedia":[{"embeddable":true,"href":"https:\/\/www.esportesbrasilia.com.br\/noticias\/wp-json\/wp\/v2\/media\/18725"}],"wp:attachment":[{"href":"https:\/\/www.esportesbrasilia.com.br\/noticias\/wp-json\/wp\/v2\/media?parent=18724"}],"wp:term":[{"taxonomy":"category","embeddable":true,"href":"https:\/\/www.esportesbrasilia.com.br\/noticias\/wp-json\/wp\/v2\/categories?post=18724"},{"taxonomy":"post_tag","embeddable":true,"href":"https:\/\/www.esportesbrasilia.com.br\/noticias\/wp-json\/wp\/v2\/tags?post=18724"}],"curies":[{"name":"wp","href":"https:\/\/api.w.org\/{rel}","templated":true}]}}