{"id":18701,"date":"2021-03-19T21:40:18","date_gmt":"2021-03-20T00:40:18","guid":{"rendered":"http:\/\/www.esportesbrasilia.com.br\/noticias\/?p=18701"},"modified":"2021-03-19T21:48:48","modified_gmt":"2021-03-20T00:48:48","slug":"cbf-confirma-primeiras-rodadas-do-brasileirao-feminino-2021","status":"publish","type":"post","link":"https:\/\/www.esportesbrasilia.com.br\/noticias\/futebol\/cbf-confirma-primeiras-rodadas-do-brasileirao-feminino-2021.html","title":{"rendered":"CBF confirma primeiras rodadas do Brasileir\u00e3o Feminino 2021"},"content":{"rendered":"\n<p><strong>Foto: J\u00falio C\u00e9sar Silva\/Ag\u00eancia EB<\/strong><\/p>\n\n\n\n<p>A CBF divulgou, no in\u00edcio da noite desta sexta-feira (19), a tabela detalhada das oito primeiras rodadas do Brasileir\u00e3o Feminino 2021. O Distrito Federal ter\u00e1 dois representantes: o Real Bras\u00edlia, que subiu da A2 em 2020, e o Minas Bras\u00edlia, que permaneceu na primeira divis\u00e3o nacional.<\/p>\n\n\n\n<p>A largada do campeonato ser\u00e1 no dia 17 de abril e os dois times candangos v\u00e3o estrear fora de casa. O Minas Bras\u00edlia joga no dia 18, \u00e0s 15h, diante do Flamengo, no est\u00e1dio da G\u00e1vea, no Rio de Janeiro\/RJ. J\u00e1 o Real Bras\u00edlia estreia no mesmo dia, mas \u00e0s 18h, frente ao Cruzeiro, no SESC Alterosas, em Belo Horizonte\/MG.<\/p>\n\n\n\n<p>A primeira partida em casa do Real Bras\u00edlia ser\u00e1 no dia 21 de abril, \u00e0s 15h, frente ao Botafogo, no est\u00e1dio Nacional Man\u00e9 Garrincha. J\u00e1 o Minas Bras\u00edlia atuar\u00e1 pela primeira frente como mandante nos mesmos dia e hor\u00e1rio, diante do S\u00e3o Jos\u00e9, mas no est\u00e1dio Bezerr\u00e3o, no Gama.<\/p>\n\n\n\n<p>O cl\u00e1ssico candango entre as duas equipes deve ocorrer no dia 02 de junho, v\u00e1lido pela 12\u00aa rodada da competi\u00e7\u00e3o, com mando do Real Bras\u00edlia. As finais est\u00e3o previstas para os dias 12 e 26 de setembro.<\/p>\n\n\n\n<figure class=\"wp-block-image size-large\"><img loading=\"lazy\" decoding=\"async\" width=\"2048\" height=\"1280\" src=\"https:\/\/www.esportesbrasilia.com.br\/noticias\/wp-content\/uploads\/minasxreal_jcs.jpg\" alt=\"\" class=\"wp-image-18704\"\/><figcaption>Equipes v\u00e3o se enfrentar, pela primeira vez, por uma partida do Campeonato Brasileiro &#8211; Foto: J\u00falio C\u00e9sar Silva\/Ag\u00eancia EB<\/figcaption><\/figure>\n\n\n\n<p>Confira a sequ\u00eancia das primeiras oito rodadas de cada time:<\/p>\n\n\n\n<figure class=\"wp-block-table\"><table><tbody><tr><td class=\"has-text-align-center\" data-align=\"center\"><strong>Minas Bras\u00edlia<\/strong><\/td><td class=\"has-text-align-center\" data-align=\"center\"><strong>Real Bras\u00edlia<\/strong><\/td><\/tr><tr><td class=\"has-text-align-center\" data-align=\"center\">18\/04 &#8211; Flamengo<\/td><td class=\"has-text-align-center\" data-align=\"center\">18\/04 &#8211; Cruzeiro<\/td><\/tr><tr><td class=\"has-text-align-center\" data-align=\"center\">21\/04 &#8211; S\u00e3o Jos\u00e9 *<\/td><td class=\"has-text-align-center\" data-align=\"center\">21\/04 &#8211; Botafogo *<\/td><\/tr><tr><td class=\"has-text-align-center\" data-align=\"center\">26\/04 &#8211; Santos *<\/td><td class=\"has-text-align-center\" data-align=\"center\">25\/04 &#8211; Ferrovi\u00e1ria<\/td><\/tr><tr><td class=\"has-text-align-center\" data-align=\"center\">29\/04 &#8211; Gr\u00eamio<\/td><td class=\"has-text-align-center\" data-align=\"center\">28\/04 &#8211; Ava\u00ed Kindermann *<\/td><\/tr><tr><td class=\"has-text-align-center\" data-align=\"center\">02\/05 &#8211; Cruzeiro *<\/td><td class=\"has-text-align-center\" data-align=\"center\">01\/05 &#8211; S\u00e3o Jos\u00e9<\/td><\/tr><tr><td class=\"has-text-align-center\" data-align=\"center\">09\/05 &#8211; N\u00e1poli<\/td><td class=\"has-text-align-center\" data-align=\"center\">10\/05 &#8211; Bahia *<\/td><\/tr><tr><td class=\"has-text-align-center\" data-align=\"center\">12\/05 &#8211; Ferrovi\u00e1ria *<\/td><td class=\"has-text-align-center\" data-align=\"center\">13\/05 &#8211; Palmeiras<\/td><\/tr><tr><td class=\"has-text-align-center\" data-align=\"center\">15\/05 &#8211; Botafogo<\/td><td class=\"has-text-align-center\" data-align=\"center\">17\/05 &#8211; Flamengo *<\/td><\/tr><\/tbody><\/table><figcaption>* Partidas como mandante<\/figcaption><\/figure>\n","protected":false},"excerpt":{"rendered":"<p>Foto: J\u00falio C\u00e9sar Silva\/Ag\u00eancia EB A CBF divulgou, no in\u00edcio da noite desta sexta-feira (19), a tabela detalhada das oito primeiras rodadas do Brasileir\u00e3o Feminino 2021. O Distrito Federal ter\u00e1 dois representantes: o Real Bras\u00edlia, que subiu da A2 em 2020, e o Minas Bras\u00edlia, que permaneceu na primeira divis\u00e3o nacional. A largada do campeonato [&hellip;]<\/p>\n","protected":false},"author":2,"featured_media":18704,"comment_status":"closed","ping_status":"closed","sticky":false,"template":"","format":"standard","meta":{"footnotes":""},"categories":[8],"tags":[],"class_list":["post-18701","post","type-post","status-publish","format-standard","has-post-thumbnail","hentry","category-futebol"],"_links":{"self":[{"href":"https:\/\/www.esportesbrasilia.com.br\/noticias\/wp-json\/wp\/v2\/posts\/18701","targetHints":{"allow":["GET"]}}],"collection":[{"href":"https:\/\/www.esportesbrasilia.com.br\/noticias\/wp-json\/wp\/v2\/posts"}],"about":[{"href":"https:\/\/www.esportesbrasilia.com.br\/noticias\/wp-json\/wp\/v2\/types\/post"}],"author":[{"embeddable":true,"href":"https:\/\/www.esportesbrasilia.com.br\/noticias\/wp-json\/wp\/v2\/users\/2"}],"replies":[{"embeddable":true,"href":"https:\/\/www.esportesbrasilia.com.br\/noticias\/wp-json\/wp\/v2\/comments?post=18701"}],"version-history":[{"count":2,"href":"https:\/\/www.esportesbrasilia.com.br\/noticias\/wp-json\/wp\/v2\/posts\/18701\/revisions"}],"predecessor-version":[{"id":18705,"href":"https:\/\/www.esportesbrasilia.com.br\/noticias\/wp-json\/wp\/v2\/posts\/18701\/revisions\/18705"}],"wp:featuredmedia":[{"embeddable":true,"href":"https:\/\/www.esportesbrasilia.com.br\/noticias\/wp-json\/wp\/v2\/media\/18704"}],"wp:attachment":[{"href":"https:\/\/www.esportesbrasilia.com.br\/noticias\/wp-json\/wp\/v2\/media?parent=18701"}],"wp:term":[{"taxonomy":"category","embeddable":true,"href":"https:\/\/www.esportesbrasilia.com.br\/noticias\/wp-json\/wp\/v2\/categories?post=18701"},{"taxonomy":"post_tag","embeddable":true,"href":"https:\/\/www.esportesbrasilia.com.br\/noticias\/wp-json\/wp\/v2\/tags?post=18701"}],"curies":[{"name":"wp","href":"https:\/\/api.w.org\/{rel}","templated":true}]}}