{"id":18699,"date":"2021-03-19T19:48:59","date_gmt":"2021-03-19T22:48:59","guid":{"rendered":"http:\/\/www.esportesbrasilia.com.br\/noticias\/?p=18699"},"modified":"2021-03-19T19:49:01","modified_gmt":"2021-03-19T22:49:01","slug":"decreto-libera-volta-do-candangao-2021-a-partir-do-fim-de-marco","status":"publish","type":"post","link":"https:\/\/www.esportesbrasilia.com.br\/noticias\/futebol\/decreto-libera-volta-do-candangao-2021-a-partir-do-fim-de-marco.html","title":{"rendered":"Decreto libera volta do Candang\u00e3o 2021 a partir do fim de mar\u00e7o"},"content":{"rendered":"\n<p>11 dias. Esse \u00e9 o per\u00edodo que o Candang\u00e3o 2021 ficar\u00e1 parado pelo decreto governamental que suspendia o campeonato. A \u00faltima partida disputada pelo torneio local aconteceu no dia 12 de mar\u00e7o, quando o Luzi\u00e2nia venceu o Formosa Esporte por 2&#215;1.<\/p>\n\n\n\n<p>No in\u00edcio da noite desta sexta-feira (19), o governador Ibaneis Rocha publicou o decreto n.\u00ba 41.913, em edi\u00e7\u00e3o extraordin\u00e1ria do Di\u00e1rio Oficial do Distrito Federal, permitindo o retorno do Candang\u00e3o 2021.<\/p>\n\n\n\n<p>O Artigo 6\u00ba do decreto permite a realiza\u00e7\u00e3o de partidas esportivas, desde que respeitando algumas regras. Todos dever\u00e3o seguir utilizando m\u00e1scaras, \u00e1lcool em gel e dever\u00e3o ter a temperatura aferida na entrada dos est\u00e1dios. Pessoas do grupo de risco, com comorbidades e idosos n\u00e3o poder\u00e3o ter acesso \u00e0s pra\u00e7as esportivas.<\/p>\n\n\n\n<p>O p\u00fablico continuar\u00e1 n\u00e3o tendo acesso \u00e0s partidas e os atletas que tiverem suspeita de infec\u00e7\u00e3o ou febre dever\u00e3o ser afastados por, pelo menos, 14 dias. Os jogadores dever\u00e3o utilizar m\u00e1scaras nos vesti\u00e1rios e bancos de reserva, que devem ter assentos intercalados.<\/p>\n\n\n\n<p>Com isso, a Federa\u00e7\u00e3o de Futebol do Distrito Fedeeral poder\u00e1 remarcar as partidas do Candang\u00e3o 2021 apenas a partir do dia 29 de mar\u00e7o, data em que come\u00e7a a vigorar o decreto.<\/p>\n\n\n\n<p>A assessoria de comunica\u00e7\u00e3o da entidade chegou a anunciar um calend\u00e1rio de retomada do campeonato, marcando partidas para os dias 23, 24 e 25 de mar\u00e7o, mas os jogos ser\u00e3o considerados irregulares se disputados. De acordo com o decreto, o descumprimento das medidas indicadas no caput autoriza a imposi\u00e7\u00e3o cumulativa de multa de at\u00e9 R$ 20 mil, de acordo com a gravidade da situa\u00e7\u00e3o constatada pela fiscaliza\u00e7\u00e3o coordenada pelo DF Legal.<\/p>\n","protected":false},"excerpt":{"rendered":"<p>11 dias. Esse \u00e9 o per\u00edodo que o Candang\u00e3o 2021 ficar\u00e1 parado pelo decreto governamental que suspendia o campeonato. A \u00faltima partida disputada pelo torneio local aconteceu no dia 12 de mar\u00e7o, quando o Luzi\u00e2nia venceu o Formosa Esporte por 2&#215;1. No in\u00edcio da noite desta sexta-feira (19), o governador Ibaneis Rocha publicou o decreto [&hellip;]<\/p>\n","protected":false},"author":2,"featured_media":15742,"comment_status":"closed","ping_status":"closed","sticky":false,"template":"","format":"standard","meta":{"footnotes":""},"categories":[8],"tags":[],"class_list":["post-18699","post","type-post","status-publish","format-standard","has-post-thumbnail","hentry","category-futebol"],"_links":{"self":[{"href":"https:\/\/www.esportesbrasilia.com.br\/noticias\/wp-json\/wp\/v2\/posts\/18699","targetHints":{"allow":["GET"]}}],"collection":[{"href":"https:\/\/www.esportesbrasilia.com.br\/noticias\/wp-json\/wp\/v2\/posts"}],"about":[{"href":"https:\/\/www.esportesbrasilia.com.br\/noticias\/wp-json\/wp\/v2\/types\/post"}],"author":[{"embeddable":true,"href":"https:\/\/www.esportesbrasilia.com.br\/noticias\/wp-json\/wp\/v2\/users\/2"}],"replies":[{"embeddable":true,"href":"https:\/\/www.esportesbrasilia.com.br\/noticias\/wp-json\/wp\/v2\/comments?post=18699"}],"version-history":[{"count":1,"href":"https:\/\/www.esportesbrasilia.com.br\/noticias\/wp-json\/wp\/v2\/posts\/18699\/revisions"}],"predecessor-version":[{"id":18700,"href":"https:\/\/www.esportesbrasilia.com.br\/noticias\/wp-json\/wp\/v2\/posts\/18699\/revisions\/18700"}],"wp:featuredmedia":[{"embeddable":true,"href":"https:\/\/www.esportesbrasilia.com.br\/noticias\/wp-json\/wp\/v2\/media\/15742"}],"wp:attachment":[{"href":"https:\/\/www.esportesbrasilia.com.br\/noticias\/wp-json\/wp\/v2\/media?parent=18699"}],"wp:term":[{"taxonomy":"category","embeddable":true,"href":"https:\/\/www.esportesbrasilia.com.br\/noticias\/wp-json\/wp\/v2\/categories?post=18699"},{"taxonomy":"post_tag","embeddable":true,"href":"https:\/\/www.esportesbrasilia.com.br\/noticias\/wp-json\/wp\/v2\/tags?post=18699"}],"curies":[{"name":"wp","href":"https:\/\/api.w.org\/{rel}","templated":true}]}}