{"id":18687,"date":"2021-03-15T22:59:02","date_gmt":"2021-03-16T01:59:02","guid":{"rendered":"http:\/\/www.esportesbrasilia.com.br\/noticias\/?p=18687"},"modified":"2021-03-15T22:59:04","modified_gmt":"2021-03-16T01:59:04","slug":"dirigentes-debatem-volta-do-candangao-2021-na-camara-legislativa","status":"publish","type":"post","link":"https:\/\/www.esportesbrasilia.com.br\/noticias\/futebol\/dirigentes-debatem-volta-do-candangao-2021-na-camara-legislativa.html","title":{"rendered":"Dirigentes debatem volta do Candang\u00e3o 2021 na C\u00e2mara Legislativa"},"content":{"rendered":"\n<p><strong>Colaborou Lucas Fermon<\/strong><\/p>\n\n\n\n<p>O retorno do Candang\u00e3o 2021 foi tema de reuni\u00e3o na C\u00e2mara Legislativa do Distrito Federal (CLDF) nesta segunda-feira (15). O encontro contou com a participa\u00e7\u00e3o do presidente da casa, Rafael Prudente (MDB), e com o representante da Federa\u00e7\u00e3o de Futebol local, Daniel Vasconcelos. Tamb\u00e9m estiveram presentes os dirigentes dos clubes Brasiliense, Capital, Ceil\u00e2ndia e Gama.<\/p>\n\n\n\n<p>O marco da assembleia foi uma manifesta\u00e7\u00e3o consensual em rela\u00e7\u00e3o ao decreto n.\u00ba 41.841, assinado em 26 de fevereiro, que paralisou diversas atividades, inclusive a continuidade do Campeonato Brasiliense. Como forma de reverter tal situa\u00e7\u00e3o, o grupo solicitou uma articula\u00e7\u00e3o por parte do deputado distrital junto ao governador Ibaneis Rocha.<\/p>\n\n\n\n<p>\u201cMostramos na reuni\u00e3o o cumprimento dos protocolos e que os envolvidos trabalham devidamente testados, dentro dos per\u00edodos orientados pelos \u00f3rg\u00e3os de sa\u00fade&#8221;, disse Daniel Vasconcelos, presidente da FFDF.<\/p>\n\n\n\n<p>Daniel ainda complementou, em nota oficial, que o parlamentar se comprometeu em tentar um di\u00e1logo com Ibaneis, para que num pr\u00f3ximo decreto fosse reconsiderada a suspens\u00e3o de pr\u00e1ticas esportivas, principalmente do futebol.<\/p>\n\n\n\n<p>Em declara\u00e7\u00e3o feita em uma rede social, o deputado Rafael Prudente diz que h\u00e1 chances de que o governo libere o pedido no pr\u00f3ximo dia 22 de mar\u00e7o. \u201cOs clubes devem receber autoriza\u00e7\u00e3o para retomar os trabalhos quando vencer o decreto que est\u00e1 em vigor\u201d, finalizou.<\/p>\n\n\n\n<p>O Candang\u00e3o 2021 est\u00e1 suspenso desde o dia 12 de mar\u00e7o.<\/p>\n","protected":false},"excerpt":{"rendered":"<p>Colaborou Lucas Fermon O retorno do Candang\u00e3o 2021 foi tema de reuni\u00e3o na C\u00e2mara Legislativa do Distrito Federal (CLDF) nesta segunda-feira (15). O encontro contou com a participa\u00e7\u00e3o do presidente da casa, Rafael Prudente (MDB), e com o representante da Federa\u00e7\u00e3o de Futebol local, Daniel Vasconcelos. Tamb\u00e9m estiveram presentes os dirigentes dos clubes Brasiliense, Capital, [&hellip;]<\/p>\n","protected":false},"author":2,"featured_media":15742,"comment_status":"closed","ping_status":"closed","sticky":false,"template":"","format":"standard","meta":{"footnotes":""},"categories":[8],"tags":[],"class_list":["post-18687","post","type-post","status-publish","format-standard","has-post-thumbnail","hentry","category-futebol"],"_links":{"self":[{"href":"https:\/\/www.esportesbrasilia.com.br\/noticias\/wp-json\/wp\/v2\/posts\/18687","targetHints":{"allow":["GET"]}}],"collection":[{"href":"https:\/\/www.esportesbrasilia.com.br\/noticias\/wp-json\/wp\/v2\/posts"}],"about":[{"href":"https:\/\/www.esportesbrasilia.com.br\/noticias\/wp-json\/wp\/v2\/types\/post"}],"author":[{"embeddable":true,"href":"https:\/\/www.esportesbrasilia.com.br\/noticias\/wp-json\/wp\/v2\/users\/2"}],"replies":[{"embeddable":true,"href":"https:\/\/www.esportesbrasilia.com.br\/noticias\/wp-json\/wp\/v2\/comments?post=18687"}],"version-history":[{"count":1,"href":"https:\/\/www.esportesbrasilia.com.br\/noticias\/wp-json\/wp\/v2\/posts\/18687\/revisions"}],"predecessor-version":[{"id":18688,"href":"https:\/\/www.esportesbrasilia.com.br\/noticias\/wp-json\/wp\/v2\/posts\/18687\/revisions\/18688"}],"wp:featuredmedia":[{"embeddable":true,"href":"https:\/\/www.esportesbrasilia.com.br\/noticias\/wp-json\/wp\/v2\/media\/15742"}],"wp:attachment":[{"href":"https:\/\/www.esportesbrasilia.com.br\/noticias\/wp-json\/wp\/v2\/media?parent=18687"}],"wp:term":[{"taxonomy":"category","embeddable":true,"href":"https:\/\/www.esportesbrasilia.com.br\/noticias\/wp-json\/wp\/v2\/categories?post=18687"},{"taxonomy":"post_tag","embeddable":true,"href":"https:\/\/www.esportesbrasilia.com.br\/noticias\/wp-json\/wp\/v2\/tags?post=18687"}],"curies":[{"name":"wp","href":"https:\/\/api.w.org\/{rel}","templated":true}]}}