{"id":18671,"date":"2021-03-12T21:51:07","date_gmt":"2021-03-13T00:51:07","guid":{"rendered":"http:\/\/www.esportesbrasilia.com.br\/noticias\/?p=18671"},"modified":"2021-03-12T22:06:06","modified_gmt":"2021-03-13T01:06:06","slug":"brasilia-volei-comeca-disputa-nas-quartas-de-final-da-superliga-feminina-neste-sabado","status":"publish","type":"post","link":"https:\/\/www.esportesbrasilia.com.br\/noticias\/volei\/brasilia-volei-comeca-disputa-nas-quartas-de-final-da-superliga-feminina-neste-sabado.html","title":{"rendered":"Bras\u00edlia V\u00f4lei come\u00e7a disputa nas quartas de final da Superliga Feminina neste s\u00e1bado"},"content":{"rendered":"\n<p><strong>Foto: Patricy Albuquerque\/Bras\u00edlia V\u00f4lei<\/strong><\/p>\n\n\n\n<p>O Bras\u00edlia V\u00f4lei come\u00e7a, neste s\u00e1bado (13), a disputa dos playoffs quartas de final da Superliga Feminina de V\u00f4lei. O time candango terminou a primeira fase da competi\u00e7\u00e3o na oitava posi\u00e7\u00e3o, com oito vit\u00f3rias em 22 partidas.<\/p>\n\n\n\n<p>Nesta fase, o advers\u00e1rio ser\u00e1 o Minas T\u00eanis Clube, que terminou a primeira fase na lideran\u00e7a da competi\u00e7\u00e3o, com apenas uma derrota. No confronto direto, as mineiras venceram as duas partidas por 3 sets a 0.<\/p>\n\n\n\n<p>Os tr\u00eas jogos do playoff ser\u00e3o realizados em Belo Horizonte\/MG, na Arena Minas. Isso porqu\u00ea o Distrito Federal segue em lockdown e, de acordo com o decreto governamental, est\u00e1 proibida a realiza\u00e7\u00e3o de partidas na capital federal.<\/p>\n\n\n\n<p>Em entrevista ao site oficial da Superliga, o treinador Rog\u00e9rio Portela analisou a participa\u00e7\u00e3o do time candango na competi\u00e7\u00e3o e falou da expectativa para o confronto contra o Minas. \u201cVamos jogar contra uma grande equipe, que \u00e9 cotada para estar na final. Estamos prontos para fazer esse confronto com a cabe\u00e7a no lugar, sabendo que ser\u00e1 um grande desafio para todo o nosso projeto\u201d, disse Rogerio Portella.<\/p>\n\n\n\n<p>Apesar do oitavo lugar, Rog\u00e9rio entende que o time vive um momento de desafio e supera\u00e7\u00e3o. &#8220;Temos que exaltar a nossa classifica\u00e7\u00e3o em oitavo lugar para o playoff. Isso foi uma conquista do nosso projeto depois de virmos da Superliga B&#8221;, ressalta.<\/p>\n\n\n\n<p>A largada acontece neste s\u00e1bado (13), \u00e0s 19h, com mando do Minas. O segundo jogo da s\u00e9rie ser\u00e1 disputado na quarta-feira (17), \u00e0s 19h, com mando do Bras\u00edlia V\u00f4lei. Se necess\u00e1ria, a partida decisiva ser\u00e1 realizada no dia 21 de mar\u00e7o, \u00e0s 19h.<\/p>\n","protected":false},"excerpt":{"rendered":"<p>Foto: Patricy Albuquerque\/Bras\u00edlia V\u00f4lei O Bras\u00edlia V\u00f4lei come\u00e7a, neste s\u00e1bado (13), a disputa dos playoffs quartas de final da Superliga Feminina de V\u00f4lei. O time candango terminou a primeira fase da competi\u00e7\u00e3o na oitava posi\u00e7\u00e3o, com oito vit\u00f3rias em 22 partidas. Nesta fase, o advers\u00e1rio ser\u00e1 o Minas T\u00eanis Clube, que terminou a primeira fase [&hellip;]<\/p>\n","protected":false},"author":2,"featured_media":16230,"comment_status":"closed","ping_status":"closed","sticky":false,"template":"","format":"standard","meta":{"footnotes":""},"categories":[11],"tags":[],"class_list":["post-18671","post","type-post","status-publish","format-standard","has-post-thumbnail","hentry","category-volei"],"_links":{"self":[{"href":"https:\/\/www.esportesbrasilia.com.br\/noticias\/wp-json\/wp\/v2\/posts\/18671","targetHints":{"allow":["GET"]}}],"collection":[{"href":"https:\/\/www.esportesbrasilia.com.br\/noticias\/wp-json\/wp\/v2\/posts"}],"about":[{"href":"https:\/\/www.esportesbrasilia.com.br\/noticias\/wp-json\/wp\/v2\/types\/post"}],"author":[{"embeddable":true,"href":"https:\/\/www.esportesbrasilia.com.br\/noticias\/wp-json\/wp\/v2\/users\/2"}],"replies":[{"embeddable":true,"href":"https:\/\/www.esportesbrasilia.com.br\/noticias\/wp-json\/wp\/v2\/comments?post=18671"}],"version-history":[{"count":2,"href":"https:\/\/www.esportesbrasilia.com.br\/noticias\/wp-json\/wp\/v2\/posts\/18671\/revisions"}],"predecessor-version":[{"id":18675,"href":"https:\/\/www.esportesbrasilia.com.br\/noticias\/wp-json\/wp\/v2\/posts\/18671\/revisions\/18675"}],"wp:featuredmedia":[{"embeddable":true,"href":"https:\/\/www.esportesbrasilia.com.br\/noticias\/wp-json\/wp\/v2\/media\/16230"}],"wp:attachment":[{"href":"https:\/\/www.esportesbrasilia.com.br\/noticias\/wp-json\/wp\/v2\/media?parent=18671"}],"wp:term":[{"taxonomy":"category","embeddable":true,"href":"https:\/\/www.esportesbrasilia.com.br\/noticias\/wp-json\/wp\/v2\/categories?post=18671"},{"taxonomy":"post_tag","embeddable":true,"href":"https:\/\/www.esportesbrasilia.com.br\/noticias\/wp-json\/wp\/v2\/tags?post=18671"}],"curies":[{"name":"wp","href":"https:\/\/api.w.org\/{rel}","templated":true}]}}