{"id":18646,"date":"2021-03-09T21:04:57","date_gmt":"2021-03-10T00:04:57","guid":{"rendered":"http:\/\/www.esportesbrasilia.com.br\/noticias\/?p=18646"},"modified":"2021-03-09T21:05:00","modified_gmt":"2021-03-10T00:05:00","slug":"gama-esta-pronto-para-partida-que-pode-ajudar-nos-cofres-do-alviverde","status":"publish","type":"post","link":"https:\/\/www.esportesbrasilia.com.br\/noticias\/futebol\/gama-esta-pronto-para-partida-que-pode-ajudar-nos-cofres-do-alviverde.html","title":{"rendered":"Gama est\u00e1 pronto para partida que pode ajudar nos cofres do alviverde"},"content":{"rendered":"\n<p>O Gama realizou, nesta ter\u00e7a-feira (09), o \u00faltimo treino coletivo antes do jogo da primeira fase da Copa do Brasil, diante da Ponte Preta\/SP. O confronto acontece nesta quarta-feira (10), \u00e0s 15h30, no est\u00e1dio Serra do Lago, em Luzi\u00e2nia.<\/p>\n\n\n\n<p>A partida ter\u00e1 transmiss\u00e3o da <strong>Esportes Bras\u00edlia<\/strong>, a partir das 15h, direto do entorno candango. Voc\u00ea pode ouvir pelo site, aplicativo e redes sociais.<\/p>\n\n\n\n<p>Para este jogo, o t\u00e9cnico Victor Santana n\u00e3o contar\u00e1 com o goleiro L\u00e9o Unamuzaga, que se recupera de uma les\u00e3o no metacarpo, e o lateral direito Weverton, que sofreu uma les\u00e3o no joelho. Al\u00e9m desses, o alviverde n\u00e3o ter\u00e1 Danielzinho, Lucas e David Barboza, que ser\u00e3o poupados para o cl\u00e1ssico do pr\u00f3ximo domingo (14), diante do Brasiliense, no est\u00e1dio Serra do Lago.<\/p>\n\n\n\n<p>O time deve jogar no esquema 4-3-3, com Daniel Mendon\u00e7a, Ueslei e Ca\u00edque na linha de frente do alviverde. O poss\u00edvel Gama deve ir a campo com Matheus; Fernando, \u00cdgor, Vin\u00edcius e J\u00fanior Alves; Kasado, Jo\u00e3o Victor e Gustavo Lila; Daniel Mendon\u00e7a, Ueslei e Ca\u00edque.<\/p>\n\n\n\n<p>Gama e Ponte Preta ter\u00e1 a arbitragem potiguar de Zandick Gondim Alves Junior, com Lorival Candido das Flores e Francisco de Assis da Hora como auxiliares. O quarto \u00e1rbitro ser\u00e1 Christiano Nascimento, do Distrito Federal.<\/p>\n","protected":false},"excerpt":{"rendered":"<p>O Gama realizou, nesta ter\u00e7a-feira (09), o \u00faltimo treino coletivo antes do jogo da primeira fase da Copa do Brasil, diante da Ponte Preta\/SP. O confronto acontece nesta quarta-feira (10), \u00e0s 15h30, no est\u00e1dio Serra do Lago, em Luzi\u00e2nia. A partida ter\u00e1 transmiss\u00e3o da Esportes Bras\u00edlia, a partir das 15h, direto do entorno candango. Voc\u00ea [&hellip;]<\/p>\n","protected":false},"author":2,"featured_media":8427,"comment_status":"closed","ping_status":"closed","sticky":false,"template":"","format":"standard","meta":{"footnotes":""},"categories":[8],"tags":[],"class_list":["post-18646","post","type-post","status-publish","format-standard","has-post-thumbnail","hentry","category-futebol"],"_links":{"self":[{"href":"https:\/\/www.esportesbrasilia.com.br\/noticias\/wp-json\/wp\/v2\/posts\/18646","targetHints":{"allow":["GET"]}}],"collection":[{"href":"https:\/\/www.esportesbrasilia.com.br\/noticias\/wp-json\/wp\/v2\/posts"}],"about":[{"href":"https:\/\/www.esportesbrasilia.com.br\/noticias\/wp-json\/wp\/v2\/types\/post"}],"author":[{"embeddable":true,"href":"https:\/\/www.esportesbrasilia.com.br\/noticias\/wp-json\/wp\/v2\/users\/2"}],"replies":[{"embeddable":true,"href":"https:\/\/www.esportesbrasilia.com.br\/noticias\/wp-json\/wp\/v2\/comments?post=18646"}],"version-history":[{"count":1,"href":"https:\/\/www.esportesbrasilia.com.br\/noticias\/wp-json\/wp\/v2\/posts\/18646\/revisions"}],"predecessor-version":[{"id":18647,"href":"https:\/\/www.esportesbrasilia.com.br\/noticias\/wp-json\/wp\/v2\/posts\/18646\/revisions\/18647"}],"wp:featuredmedia":[{"embeddable":true,"href":"https:\/\/www.esportesbrasilia.com.br\/noticias\/wp-json\/wp\/v2\/media\/8427"}],"wp:attachment":[{"href":"https:\/\/www.esportesbrasilia.com.br\/noticias\/wp-json\/wp\/v2\/media?parent=18646"}],"wp:term":[{"taxonomy":"category","embeddable":true,"href":"https:\/\/www.esportesbrasilia.com.br\/noticias\/wp-json\/wp\/v2\/categories?post=18646"},{"taxonomy":"post_tag","embeddable":true,"href":"https:\/\/www.esportesbrasilia.com.br\/noticias\/wp-json\/wp\/v2\/tags?post=18646"}],"curies":[{"name":"wp","href":"https:\/\/api.w.org\/{rel}","templated":true}]}}