{"id":18632,"date":"2021-03-09T15:14:15","date_gmt":"2021-03-09T18:14:15","guid":{"rendered":"http:\/\/www.esportesbrasilia.com.br\/noticias\/?p=18632"},"modified":"2021-03-09T15:14:18","modified_gmt":"2021-03-09T18:14:18","slug":"planaltina-estreia-nesta-quarta-na-copa-do-brasil-sub-20","status":"publish","type":"post","link":"https:\/\/www.esportesbrasilia.com.br\/noticias\/futebol\/planaltina-estreia-nesta-quarta-na-copa-do-brasil-sub-20.html","title":{"rendered":"Planaltina estreia nesta quarta na Copa do Brasil sub-20"},"content":{"rendered":"\n<p>O Planaltina, time que conquistou o Candang\u00e3o Juniores em 2020 e foi campe\u00e3o da competi\u00e7\u00e3o, vai representar o Distrito Federal na Copa do Brasil da categoria a partir desta quarta-feira (10).<\/p>\n\n\n\n<p>A equipe come\u00e7a a disputa da edi\u00e7\u00e3o 2021 da Copa do Brasil diante do Vasco, no est\u00e1dio de S\u00e3o Janu\u00e1rio, \u00e0s 15h. Quem vencer encara quem passar de S\u00e3o Raimundo\/RR e Atl\u00e9tico\/GO.<\/p>\n\n\n\n<p>Vale lembrar que a vaga para a segunda fase ser\u00e1 decidida em jogo \u00fanico. Em caso de empate, a classifica\u00e7\u00e3o ser\u00e1 definida na cobran\u00e7a de p\u00eanaltis.<\/p>\n\n\n\n<figure class=\"wp-block-image size-large\"><img loading=\"lazy\" decoding=\"async\" width=\"958\" height=\"958\" src=\"https:\/\/www.esportesbrasilia.com.br\/noticias\/wp-content\/uploads\/equipeplanaltinasub20.jpg\" alt=\"\" class=\"wp-image-18631\"\/><figcaption>Jogadores do Planaltina j\u00e1 est\u00e3o no Rio de Janeiro &#8211; Foto: Divulga\u00e7\u00e3o\/Planaltina EC<\/figcaption><\/figure>\n\n\n\n<p>Os comandados do t\u00e9cnico Guido Beltr\u00e3o j\u00e1 est\u00e3o no Rio de Janeiro e realizaram, nesta tarde, o reconhecimento do gramado para a partida desta quarta-feira.<\/p>\n\n\n\n<p>O confronto ter\u00e1 transmiss\u00e3o da CBFTV.<\/p>\n","protected":false},"excerpt":{"rendered":"<p>O Planaltina, time que conquistou o Candang\u00e3o Juniores em 2020 e foi campe\u00e3o da competi\u00e7\u00e3o, vai representar o Distrito Federal na Copa do Brasil da categoria a partir desta quarta-feira (10). A equipe come\u00e7a a disputa da edi\u00e7\u00e3o 2021 da Copa do Brasil diante do Vasco, no est\u00e1dio de S\u00e3o Janu\u00e1rio, \u00e0s 15h. Quem vencer [&hellip;]<\/p>\n","protected":false},"author":2,"featured_media":11354,"comment_status":"closed","ping_status":"closed","sticky":false,"template":"","format":"standard","meta":{"footnotes":""},"categories":[8],"tags":[],"class_list":["post-18632","post","type-post","status-publish","format-standard","has-post-thumbnail","hentry","category-futebol"],"_links":{"self":[{"href":"https:\/\/www.esportesbrasilia.com.br\/noticias\/wp-json\/wp\/v2\/posts\/18632","targetHints":{"allow":["GET"]}}],"collection":[{"href":"https:\/\/www.esportesbrasilia.com.br\/noticias\/wp-json\/wp\/v2\/posts"}],"about":[{"href":"https:\/\/www.esportesbrasilia.com.br\/noticias\/wp-json\/wp\/v2\/types\/post"}],"author":[{"embeddable":true,"href":"https:\/\/www.esportesbrasilia.com.br\/noticias\/wp-json\/wp\/v2\/users\/2"}],"replies":[{"embeddable":true,"href":"https:\/\/www.esportesbrasilia.com.br\/noticias\/wp-json\/wp\/v2\/comments?post=18632"}],"version-history":[{"count":1,"href":"https:\/\/www.esportesbrasilia.com.br\/noticias\/wp-json\/wp\/v2\/posts\/18632\/revisions"}],"predecessor-version":[{"id":18633,"href":"https:\/\/www.esportesbrasilia.com.br\/noticias\/wp-json\/wp\/v2\/posts\/18632\/revisions\/18633"}],"wp:featuredmedia":[{"embeddable":true,"href":"https:\/\/www.esportesbrasilia.com.br\/noticias\/wp-json\/wp\/v2\/media\/11354"}],"wp:attachment":[{"href":"https:\/\/www.esportesbrasilia.com.br\/noticias\/wp-json\/wp\/v2\/media?parent=18632"}],"wp:term":[{"taxonomy":"category","embeddable":true,"href":"https:\/\/www.esportesbrasilia.com.br\/noticias\/wp-json\/wp\/v2\/categories?post=18632"},{"taxonomy":"post_tag","embeddable":true,"href":"https:\/\/www.esportesbrasilia.com.br\/noticias\/wp-json\/wp\/v2\/tags?post=18632"}],"curies":[{"name":"wp","href":"https:\/\/api.w.org\/{rel}","templated":true}]}}