{"id":1816,"date":"2016-05-04T17:57:26","date_gmt":"2016-05-04T20:57:26","guid":{"rendered":"http:\/\/www.esportesbrasilia.com.br\/noticias\/?p=1816"},"modified":"2016-05-06T21:31:10","modified_gmt":"2016-05-07T00:31:10","slug":"presidente-e-ex-tecnico-falam-sobre-derrota-do-gama-pela-copa-verde","status":"publish","type":"post","link":"https:\/\/www.esportesbrasilia.com.br\/noticias\/ebplay\/presidente-e-ex-tecnico-falam-sobre-derrota-do-gama-pela-copa-verde.html","title":{"rendered":"Presidente e ex-t\u00e9cnico falam sobre derrota do Gama pela Copa Verde"},"content":{"rendered":"<p>Na noite desta ter\u00e7a-feira, ap\u00f3s a derrota por 2&#215;0 para o Paysandu (clique aqui e saiba mais), o agora ex-t\u00e9cnico do Gama, Arthur Bernardes (clique aqui e saiba mais), e o presidente do alviverde, Ant\u00f4nio Alves do Nascimento, falaram sobre a partida do est\u00e1dio Mangueir\u00e3o.<\/p>\n<p>Confira as entrevistas cedidas \u00e0 R\u00e1dio Clube do Par\u00e1.<\/p>\n<p>Presidente Ant\u00f4nio Alves do Nascimento<\/p>\n<audio class=\"wp-audio-shortcode\" id=\"audio-1816-1\" preload=\"none\" style=\"width: 100%;\" controls=\"controls\"><source type=\"audio\/mpeg\" src=\"https:\/\/www.esportesbrasilia.com.br\/noticias\/wp-content\/uploads\/tonhao-detonando-o-tecnico-do-Gama.mp3?_=1\" \/><a href=\"https:\/\/www.esportesbrasilia.com.br\/noticias\/wp-content\/uploads\/tonhao-detonando-o-tecnico-do-Gama.mp3\">https:\/\/www.esportesbrasilia.com.br\/noticias\/wp-content\/uploads\/tonhao-detonando-o-tecnico-do-Gama.mp3<\/a><\/audio>\n<p>Ex-t\u00e9cnico Arthur Bernardes<\/p>\n<audio class=\"wp-audio-shortcode\" id=\"audio-1816-2\" preload=\"none\" style=\"width: 100%;\" controls=\"controls\"><source type=\"audio\/mpeg\" src=\"https:\/\/www.esportesbrasilia.com.br\/noticias\/wp-content\/uploads\/artur-bernarde-na-derrota-do-gama.mp3?_=2\" \/><a href=\"https:\/\/www.esportesbrasilia.com.br\/noticias\/wp-content\/uploads\/artur-bernarde-na-derrota-do-gama.mp3\">https:\/\/www.esportesbrasilia.com.br\/noticias\/wp-content\/uploads\/artur-bernarde-na-derrota-do-gama.mp3<\/a><\/audio>\n","protected":false},"excerpt":{"rendered":"<p>Na noite desta ter\u00e7a-feira, ap\u00f3s a derrota por 2&#215;0 para o Paysandu (clique aqui e saiba mais), o agora ex-t\u00e9cnico do Gama, Arthur Bernardes (clique aqui e saiba mais), e o presidente do alviverde, Ant\u00f4nio Alves do Nascimento, falaram sobre a partida do est\u00e1dio Mangueir\u00e3o. Confira as entrevistas cedidas \u00e0 R\u00e1dio Clube do Par\u00e1. Presidente [&hellip;]<\/p>\n","protected":false},"author":1,"featured_media":646,"comment_status":"open","ping_status":"closed","sticky":false,"template":"","format":"standard","meta":{"footnotes":""},"categories":[24],"tags":[],"class_list":["post-1816","post","type-post","status-publish","format-standard","has-post-thumbnail","hentry","category-ebplay"],"_links":{"self":[{"href":"https:\/\/www.esportesbrasilia.com.br\/noticias\/wp-json\/wp\/v2\/posts\/1816","targetHints":{"allow":["GET"]}}],"collection":[{"href":"https:\/\/www.esportesbrasilia.com.br\/noticias\/wp-json\/wp\/v2\/posts"}],"about":[{"href":"https:\/\/www.esportesbrasilia.com.br\/noticias\/wp-json\/wp\/v2\/types\/post"}],"author":[{"embeddable":true,"href":"https:\/\/www.esportesbrasilia.com.br\/noticias\/wp-json\/wp\/v2\/users\/1"}],"replies":[{"embeddable":true,"href":"https:\/\/www.esportesbrasilia.com.br\/noticias\/wp-json\/wp\/v2\/comments?post=1816"}],"version-history":[{"count":1,"href":"https:\/\/www.esportesbrasilia.com.br\/noticias\/wp-json\/wp\/v2\/posts\/1816\/revisions"}],"predecessor-version":[{"id":1819,"href":"https:\/\/www.esportesbrasilia.com.br\/noticias\/wp-json\/wp\/v2\/posts\/1816\/revisions\/1819"}],"wp:featuredmedia":[{"embeddable":true,"href":"https:\/\/www.esportesbrasilia.com.br\/noticias\/wp-json\/wp\/v2\/media\/646"}],"wp:attachment":[{"href":"https:\/\/www.esportesbrasilia.com.br\/noticias\/wp-json\/wp\/v2\/media?parent=1816"}],"wp:term":[{"taxonomy":"category","embeddable":true,"href":"https:\/\/www.esportesbrasilia.com.br\/noticias\/wp-json\/wp\/v2\/categories?post=1816"},{"taxonomy":"post_tag","embeddable":true,"href":"https:\/\/www.esportesbrasilia.com.br\/noticias\/wp-json\/wp\/v2\/tags?post=1816"}],"curies":[{"name":"wp","href":"https:\/\/api.w.org\/{rel}","templated":true}]}}