{"id":17869,"date":"2021-03-06T23:00:43","date_gmt":"2021-03-07T02:00:43","guid":{"rendered":"http:\/\/www.esportesbrasilia.com.br\/noticias\/?p=17869"},"modified":"2021-03-06T23:00:44","modified_gmt":"2021-03-07T02:00:44","slug":"ceilandia-vence-fora-de-casa-e-assume-vice-lideranca-da-chave-b-do-candangao","status":"publish","type":"post","link":"https:\/\/www.esportesbrasilia.com.br\/noticias\/futebol\/ceilandia-vence-fora-de-casa-e-assume-vice-lideranca-da-chave-b-do-candangao.html","title":{"rendered":"Ceil\u00e2ndia vence fora de casa e assume vice-lideran\u00e7a da chave B do Candang\u00e3o"},"content":{"rendered":"\n<p>Una\u00ed e Ceil\u00e2ndia abriram a terceira rodada do Candang\u00e3o neste s\u00e1bado (06). Jogando no est\u00e1dio Urbano Adjuto, no interior mineiro, o gato preto venceu por 1&#215;0.<\/p>\n\n\n\n<p>O gol \u00fanico da partida foi marcado aos 38 minutos do segundo tempo por Kl\u00e9cio. O meia recebeu passe pela direita, dividiu com o zagueiro do Una\u00ed e bateu na sa\u00edda de Luc\u00e3o, abrindo o placar para o gato preto.<\/p>\n\n\n\n<p>Com a vit\u00f3ria, o Ceil\u00e2ndia assumiu a segunda coloca\u00e7\u00e3o da chave B, com seis pontos. J\u00e1 o Una\u00ed permanece na segunda posi\u00e7\u00e3o da chave A.<\/p>\n\n\n\n<p>Na pr\u00f3xima rodada, o Una\u00ed visita o Sobradinho, enquanto o Ceil\u00e2ndia recebe o Taguatinga. As partidas ainda ser\u00e3o marcadas pela FFDF.<\/p>\n\n\n\n<p class=\"has-text-align-center\"><strong>CAMPEONATO CANDANGO &#8211; 3\u00aa RODADA<br>UNA\u00cd 0x1 CEIL\u00c2NDIA<br>06.03.21 &#8211; EST\u00c1DIO URBANO ADJUTO &#8211; UNA\u00cd\/MG<\/strong><\/p>\n\n\n\n<p><strong>Cart\u00f5es Amarelos:<\/strong><br>\u00c9zio, Samuel (Una\u00ed)<br>Andrezinho, Liel (Ceil\u00e2ndia)<\/p>\n\n\n\n<p><strong>Una\u00ed<\/strong><br>Luc\u00e3o; \u00c9zio, Jos\u00e9 Leandro, Juninho e Gelsinho; Akim (Diego Clementino), Samuel, Thiaguinho (China) e Hiwry; Gabriel e Felipe Hulk (Carlinhos).<br>T\u00e9cnico: Roberto Ga\u00facho<\/p>\n\n\n\n<p><strong>Ceil\u00e2ndia<\/strong><br>Maicon; Andrezinho (Dennis), Liel, Medeiros e Buchecha; Werick, Kl\u00e9cio, Giovani (Cocada), Mirandinha (Igor Pato) e Willian; Jo\u00e3o Vitor (Alysson) (Felipe).<br>T\u00e9cnico: Adelson de Almeida<\/p>\n","protected":false},"excerpt":{"rendered":"<p>Una\u00ed e Ceil\u00e2ndia abriram a terceira rodada do Candang\u00e3o neste s\u00e1bado (06). Jogando no est\u00e1dio Urbano Adjuto, no interior mineiro, o gato preto venceu por 1&#215;0. O gol \u00fanico da partida foi marcado aos 38 minutos do segundo tempo por Kl\u00e9cio. O meia recebeu passe pela direita, dividiu com o zagueiro do Una\u00ed e bateu [&hellip;]<\/p>\n","protected":false},"author":2,"featured_media":17870,"comment_status":"closed","ping_status":"closed","sticky":false,"template":"","format":"standard","meta":{"footnotes":""},"categories":[8],"tags":[],"class_list":["post-17869","post","type-post","status-publish","format-standard","has-post-thumbnail","hentry","category-futebol"],"_links":{"self":[{"href":"https:\/\/www.esportesbrasilia.com.br\/noticias\/wp-json\/wp\/v2\/posts\/17869","targetHints":{"allow":["GET"]}}],"collection":[{"href":"https:\/\/www.esportesbrasilia.com.br\/noticias\/wp-json\/wp\/v2\/posts"}],"about":[{"href":"https:\/\/www.esportesbrasilia.com.br\/noticias\/wp-json\/wp\/v2\/types\/post"}],"author":[{"embeddable":true,"href":"https:\/\/www.esportesbrasilia.com.br\/noticias\/wp-json\/wp\/v2\/users\/2"}],"replies":[{"embeddable":true,"href":"https:\/\/www.esportesbrasilia.com.br\/noticias\/wp-json\/wp\/v2\/comments?post=17869"}],"version-history":[{"count":1,"href":"https:\/\/www.esportesbrasilia.com.br\/noticias\/wp-json\/wp\/v2\/posts\/17869\/revisions"}],"predecessor-version":[{"id":17871,"href":"https:\/\/www.esportesbrasilia.com.br\/noticias\/wp-json\/wp\/v2\/posts\/17869\/revisions\/17871"}],"wp:featuredmedia":[{"embeddable":true,"href":"https:\/\/www.esportesbrasilia.com.br\/noticias\/wp-json\/wp\/v2\/media\/17870"}],"wp:attachment":[{"href":"https:\/\/www.esportesbrasilia.com.br\/noticias\/wp-json\/wp\/v2\/media?parent=17869"}],"wp:term":[{"taxonomy":"category","embeddable":true,"href":"https:\/\/www.esportesbrasilia.com.br\/noticias\/wp-json\/wp\/v2\/categories?post=17869"},{"taxonomy":"post_tag","embeddable":true,"href":"https:\/\/www.esportesbrasilia.com.br\/noticias\/wp-json\/wp\/v2\/tags?post=17869"}],"curies":[{"name":"wp","href":"https:\/\/api.w.org\/{rel}","templated":true}]}}