{"id":17309,"date":"2021-03-05T22:03:54","date_gmt":"2021-03-06T01:03:54","guid":{"rendered":"http:\/\/www.esportesbrasilia.com.br\/noticias\/?p=17309"},"modified":"2021-03-05T22:03:57","modified_gmt":"2021-03-06T01:03:57","slug":"reuniao-entre-clubes-confirma-terceira-rodada-do-candangao-2021","status":"publish","type":"post","link":"https:\/\/www.esportesbrasilia.com.br\/noticias\/futebol\/reuniao-entre-clubes-confirma-terceira-rodada-do-candangao-2021.html","title":{"rendered":"Reuni\u00e3o entre clubes confirma terceira rodada do Candang\u00e3o 2021"},"content":{"rendered":"\n<p>Uma reuni\u00e3o entre os dirigentes dos clubes que disputam a edi\u00e7\u00e3o de 2021 do Campeonato Brasiliense, realizada nesta sexta-feira (05), confirmou a manuten\u00e7\u00e3o da competi\u00e7\u00e3o, mesmo com o lockdown imposto pelo Governo do Distrito Federal.<\/p>\n\n\n\n<p>O combinado entre os clubes \u00e9 que as partidas ser\u00e3o disputadas em est\u00e1dios onde n\u00e3o h\u00e1 a proibi\u00e7\u00e3o de jogos: Formosa\/GO, Luzi\u00e2nia\/GO e Una\u00ed\/MG.<\/p>\n\n\n\n<p>A terceira rodada come\u00e7a neste s\u00e1bado (06), quando o Una\u00ed receber\u00e1 o Ceil\u00e2ndia, no est\u00e1dio Urbano Adjuto, \u00e0s 15h30. Na sequ\u00eancia, os jogos acontecer\u00e3o da seguinte maneira:<\/p>\n\n\n\n<p>Quinta 15h30 &#8211; Samambaia x Capital &#8211; Diog\u00e3o<br>Sexta 15h30 &#8211; Luzi\u00e2nia x Formosa &#8211; Serra do Lago<br>S\u00e1bado 15h00 &#8211; Taguatinga x Sobradinho &#8211; Diog\u00e3o<br>Domingo 15h30 &#8211; Real Bras\u00edlia x Santa Maria &#8211; Diog\u00e3o<\/p>\n\n\n\n<h4 class=\"wp-block-heading\">Cl\u00e1ssico em Luzi\u00e2nia<\/h4>\n\n\n\n<p>O cl\u00e1ssico entre Gama e Brasiliense, confirmado para fechar a terceira rodada do Candang\u00e3o 2021, ser\u00e1 disputado no est\u00e1dio Serra do Lago, em Luzi\u00e2nia, no dia 14 de mar\u00e7o, \u00e0s 15h30.<\/p>\n\n\n\n<p>A FFDF tamb\u00e9m confirmou, por meio da assessoria de imprensa, que os jogos da quarta rodada ser\u00e3o discutidos em reuni\u00e3o a ser realizada no dia 12 de mar\u00e7o.<\/p>\n","protected":false},"excerpt":{"rendered":"<p>Uma reuni\u00e3o entre os dirigentes dos clubes que disputam a edi\u00e7\u00e3o de 2021 do Campeonato Brasiliense, realizada nesta sexta-feira (05), confirmou a manuten\u00e7\u00e3o da competi\u00e7\u00e3o, mesmo com o lockdown imposto pelo Governo do Distrito Federal. O combinado entre os clubes \u00e9 que as partidas ser\u00e3o disputadas em est\u00e1dios onde n\u00e3o h\u00e1 a proibi\u00e7\u00e3o de jogos: [&hellip;]<\/p>\n","protected":false},"author":2,"featured_media":15742,"comment_status":"closed","ping_status":"closed","sticky":false,"template":"","format":"standard","meta":{"footnotes":""},"categories":[8],"tags":[],"class_list":["post-17309","post","type-post","status-publish","format-standard","has-post-thumbnail","hentry","category-futebol"],"_links":{"self":[{"href":"https:\/\/www.esportesbrasilia.com.br\/noticias\/wp-json\/wp\/v2\/posts\/17309","targetHints":{"allow":["GET"]}}],"collection":[{"href":"https:\/\/www.esportesbrasilia.com.br\/noticias\/wp-json\/wp\/v2\/posts"}],"about":[{"href":"https:\/\/www.esportesbrasilia.com.br\/noticias\/wp-json\/wp\/v2\/types\/post"}],"author":[{"embeddable":true,"href":"https:\/\/www.esportesbrasilia.com.br\/noticias\/wp-json\/wp\/v2\/users\/2"}],"replies":[{"embeddable":true,"href":"https:\/\/www.esportesbrasilia.com.br\/noticias\/wp-json\/wp\/v2\/comments?post=17309"}],"version-history":[{"count":1,"href":"https:\/\/www.esportesbrasilia.com.br\/noticias\/wp-json\/wp\/v2\/posts\/17309\/revisions"}],"predecessor-version":[{"id":17310,"href":"https:\/\/www.esportesbrasilia.com.br\/noticias\/wp-json\/wp\/v2\/posts\/17309\/revisions\/17310"}],"wp:featuredmedia":[{"embeddable":true,"href":"https:\/\/www.esportesbrasilia.com.br\/noticias\/wp-json\/wp\/v2\/media\/15742"}],"wp:attachment":[{"href":"https:\/\/www.esportesbrasilia.com.br\/noticias\/wp-json\/wp\/v2\/media?parent=17309"}],"wp:term":[{"taxonomy":"category","embeddable":true,"href":"https:\/\/www.esportesbrasilia.com.br\/noticias\/wp-json\/wp\/v2\/categories?post=17309"},{"taxonomy":"post_tag","embeddable":true,"href":"https:\/\/www.esportesbrasilia.com.br\/noticias\/wp-json\/wp\/v2\/tags?post=17309"}],"curies":[{"name":"wp","href":"https:\/\/api.w.org\/{rel}","templated":true}]}}