{"id":1684,"date":"2016-04-25T18:27:51","date_gmt":"2016-04-25T21:27:51","guid":{"rendered":"http:\/\/www.esportesbrasilia.com.br\/noticias\/?p=1684"},"modified":"2016-04-26T11:29:56","modified_gmt":"2016-04-26T14:29:56","slug":"dupla-de-brasilia-no-podio-do-rally-rn-1-500","status":"publish","type":"post","link":"https:\/\/www.esportesbrasilia.com.br\/noticias\/outros\/dupla-de-brasilia-no-podio-do-rally-rn-1-500.html","title":{"rendered":"Dupla de Bras\u00edlia no p\u00f3dio do Rally RN 1.500"},"content":{"rendered":"<p>A principal dupla da Kandangus Rally Team teve garra para superar uma estreia dif\u00edcil na 18\u00aa edi\u00e7\u00e3o do Rally RN 1500. O UTV em que corriam quebrou no primeiro dia de prova e eles terminaram em 15\u00ba lugar na categoria e 17\u00ba na geral. No terceiro dia eles subiram para 6\u00ba na categoria e 9\u00ba na geral. No quarto e \u00faltimo dia de prova, a dupla terminou a competi\u00e7\u00e3o em 5\u00ba lugar na categoria UTV Turbo e a mesma posi\u00e7\u00e3o na geral.<\/p>\n<p>A prova, v\u00e1lida como etapa do Brasileiro de Rally Cross Country para motos, quadriciclos e UTV\u2019s, \u00e9 considerada uma das principais e mais t\u00e9cnicas do off-road nacional. Foram cerca de mil quil\u00f4metros de trilhas, com 55% de especiais (trechos cronometrados) de velocidade. As cidades por onde passaram foram: Natal, Guamar\u00e9, Currais Novos. Piloto e navegador da Kandaguns fizeram um tempo total de 08:57:46 e subiram ao p\u00f3dio na tarde deste domingo (24\/04) na capital potiguar.<\/p>\n<p>Este ano, a equipe pretende participar de todas as etapas do Campeonato Brasileiro de Cross Country e os xar\u00e1s Elson v\u00e3o disputar pela 14\u00aa vez o Rally Internacional dos Sert\u00f5es, que, este ano, acontece em setembro.<\/p>\n<p>A outra dupla da Kandangus, Andr\u00e9 Pinheiro, piloto, e Cl\u00e1udia Grandi, navegadora, que disputam na categoria UTV Super, tamb\u00e9m tiveram problemas mec\u00e2nicos mas conquistaram o 3\u00ba lugar na categoria e o 8\u00ba na geral. Esta \u00e9 a segunda prova oficial de Andr\u00e9. No m\u00eas de mar\u00e7o, ele estreou, ao lado da navegadora, no Rally do Velho Chico, disputado em Alagoas.<\/p>\n","protected":false},"excerpt":{"rendered":"<p>A principal dupla da Kandangus Rally Team teve garra para superar uma estreia dif\u00edcil na 18\u00aa edi\u00e7\u00e3o do Rally RN 1500. O UTV em que corriam quebrou no primeiro dia de prova e eles terminaram em 15\u00ba lugar na categoria e 17\u00ba na geral. No terceiro dia eles subiram para 6\u00ba na categoria e 9\u00ba [&hellip;]<\/p>\n","protected":false},"author":1,"featured_media":1685,"comment_status":"open","ping_status":"closed","sticky":false,"template":"","format":"standard","meta":{"footnotes":""},"categories":[2],"tags":[],"class_list":["post-1684","post","type-post","status-publish","format-standard","has-post-thumbnail","hentry","category-outros"],"_links":{"self":[{"href":"https:\/\/www.esportesbrasilia.com.br\/noticias\/wp-json\/wp\/v2\/posts\/1684","targetHints":{"allow":["GET"]}}],"collection":[{"href":"https:\/\/www.esportesbrasilia.com.br\/noticias\/wp-json\/wp\/v2\/posts"}],"about":[{"href":"https:\/\/www.esportesbrasilia.com.br\/noticias\/wp-json\/wp\/v2\/types\/post"}],"author":[{"embeddable":true,"href":"https:\/\/www.esportesbrasilia.com.br\/noticias\/wp-json\/wp\/v2\/users\/1"}],"replies":[{"embeddable":true,"href":"https:\/\/www.esportesbrasilia.com.br\/noticias\/wp-json\/wp\/v2\/comments?post=1684"}],"version-history":[{"count":1,"href":"https:\/\/www.esportesbrasilia.com.br\/noticias\/wp-json\/wp\/v2\/posts\/1684\/revisions"}],"predecessor-version":[{"id":1686,"href":"https:\/\/www.esportesbrasilia.com.br\/noticias\/wp-json\/wp\/v2\/posts\/1684\/revisions\/1686"}],"wp:featuredmedia":[{"embeddable":true,"href":"https:\/\/www.esportesbrasilia.com.br\/noticias\/wp-json\/wp\/v2\/media\/1685"}],"wp:attachment":[{"href":"https:\/\/www.esportesbrasilia.com.br\/noticias\/wp-json\/wp\/v2\/media?parent=1684"}],"wp:term":[{"taxonomy":"category","embeddable":true,"href":"https:\/\/www.esportesbrasilia.com.br\/noticias\/wp-json\/wp\/v2\/categories?post=1684"},{"taxonomy":"post_tag","embeddable":true,"href":"https:\/\/www.esportesbrasilia.com.br\/noticias\/wp-json\/wp\/v2\/tags?post=1684"}],"curies":[{"name":"wp","href":"https:\/\/api.w.org\/{rel}","templated":true}]}}