{"id":1674,"date":"2016-04-25T19:53:52","date_gmt":"2016-04-25T22:53:52","guid":{"rendered":"http:\/\/www.esportesbrasilia.com.br\/noticias\/?p=1674"},"modified":"2016-04-26T01:58:44","modified_gmt":"2016-04-26T04:58:44","slug":"vice-governador-recebe-representantes-da-imprensa-esportiva","status":"publish","type":"post","link":"https:\/\/www.esportesbrasilia.com.br\/noticias\/institucional\/vice-governador-recebe-representantes-da-imprensa-esportiva.html","title":{"rendered":"Vice-governador recebe representantes da imprensa esportiva"},"content":{"rendered":"<p>Na tarde desta segunda-feira (25), no Pal\u00e1cio do Buriti, o vice-governador Renato Santana recebeu\u00a0representantes da imprensa esportiva candanga.\u00a0O prop\u00f3sito do encontro foi de buscar alternativas para apoio os ve\u00edculos que realizam\u00a0a cobertura esportiva no Distrito Federal.<\/p>\n<p>Renato Santana come\u00e7ou o encontro falando sobre o atual futebol candango:\u00a0\u201cN\u00f3s temos que nos enxergar como parceiros. Todos os eventos realizados com o Governo de Bras\u00edlia para com os clubes, Federa\u00e7\u00e3o, foram abertos para todos. Bras\u00edlia tem uma das principais pra\u00e7as esportivas do pa\u00eds, mas que n\u00e3o recebeu o melhor tratamento. No futebol candango est\u00e1vamos realizando jogos com port\u00f5es fechados. Em 2015 assumimos um compromisso com os clubes e Federa\u00e7\u00e3o para resolvermos esta quest\u00e3o de est\u00e1dios\u201d, disse.<\/p>\n<p>Mais especificamente sobre a demanda levada pelos integrantes da Associa\u00e7\u00e3o Brasiliense de Cronistas Desportivos (ABCD), representada pelo presidente Kleiber Beltr\u00e3o, que \u00e9 de um apoio financeiro para as equipes esportivas que cobrem o esporte de Bras\u00edlia, o vice-Governador\u00a0foi enf\u00e1tico.<\/p>\n<p>\u201cVamos buscar alternativas para realizar este intento. Caso tiver um instrumento legal onde buscarmos recursos, vamos trabalhar juntos nesta tarefa. O esp\u00edrito do Governador Rodrigo Rollemberg \u00e9 de ajudar\u201d, ressaltou Renato.<\/p>\n<p>Coube \u00e0\u00a0secretaria de Comunica\u00e7\u00e3o do DF, Vera Canfran, buscar junto com a presid\u00eancia da ABCD, um caminho para ajudar as emissoras esportivas de Bras\u00edlia.\u00a0\u201cEm 2014, o gasto do GDF com m\u00eddia foi de R$ 12 milh\u00f5es por m\u00eas. Em 2015, foram R$ 35 milh\u00f5es em todo o ano. Vamos trabalhar junto com a associa\u00e7\u00e3o de voc\u00eas, em busca de alternativas vi\u00e1veis para atender esta solicita\u00e7\u00e3o\u201d, garantiu.<\/p>\n<p>Uma nova reuni\u00e3o ser\u00e1 agendada para ser apresentado pelo GDF uma resposta \u00e0s solicita\u00e7\u00f5es da imprensa esportiva candanga.<\/p>\n","protected":false},"excerpt":{"rendered":"<p>Na tarde desta segunda-feira (25), no Pal\u00e1cio do Buriti, o vice-governador Renato Santana recebeu\u00a0representantes da imprensa esportiva candanga.\u00a0O prop\u00f3sito do encontro foi de buscar alternativas para apoio os ve\u00edculos que realizam\u00a0a cobertura esportiva no Distrito Federal. Renato Santana come\u00e7ou o encontro falando sobre o atual futebol candango:\u00a0\u201cN\u00f3s temos que nos enxergar como parceiros. Todos os [&hellip;]<\/p>\n","protected":false},"author":7,"featured_media":1675,"comment_status":"open","ping_status":"closed","sticky":false,"template":"","format":"standard","meta":{"footnotes":""},"categories":[27],"tags":[],"class_list":["post-1674","post","type-post","status-publish","format-standard","has-post-thumbnail","hentry","category-institucional"],"_links":{"self":[{"href":"https:\/\/www.esportesbrasilia.com.br\/noticias\/wp-json\/wp\/v2\/posts\/1674","targetHints":{"allow":["GET"]}}],"collection":[{"href":"https:\/\/www.esportesbrasilia.com.br\/noticias\/wp-json\/wp\/v2\/posts"}],"about":[{"href":"https:\/\/www.esportesbrasilia.com.br\/noticias\/wp-json\/wp\/v2\/types\/post"}],"author":[{"embeddable":true,"href":"https:\/\/www.esportesbrasilia.com.br\/noticias\/wp-json\/wp\/v2\/users\/7"}],"replies":[{"embeddable":true,"href":"https:\/\/www.esportesbrasilia.com.br\/noticias\/wp-json\/wp\/v2\/comments?post=1674"}],"version-history":[{"count":1,"href":"https:\/\/www.esportesbrasilia.com.br\/noticias\/wp-json\/wp\/v2\/posts\/1674\/revisions"}],"predecessor-version":[{"id":1676,"href":"https:\/\/www.esportesbrasilia.com.br\/noticias\/wp-json\/wp\/v2\/posts\/1674\/revisions\/1676"}],"wp:featuredmedia":[{"embeddable":true,"href":"https:\/\/www.esportesbrasilia.com.br\/noticias\/wp-json\/wp\/v2\/media\/1675"}],"wp:attachment":[{"href":"https:\/\/www.esportesbrasilia.com.br\/noticias\/wp-json\/wp\/v2\/media?parent=1674"}],"wp:term":[{"taxonomy":"category","embeddable":true,"href":"https:\/\/www.esportesbrasilia.com.br\/noticias\/wp-json\/wp\/v2\/categories?post=1674"},{"taxonomy":"post_tag","embeddable":true,"href":"https:\/\/www.esportesbrasilia.com.br\/noticias\/wp-json\/wp\/v2\/tags?post=1674"}],"curies":[{"name":"wp","href":"https:\/\/api.w.org\/{rel}","templated":true}]}}