{"id":1667,"date":"2016-04-25T15:49:24","date_gmt":"2016-04-25T18:49:24","guid":{"rendered":"http:\/\/www.esportesbrasilia.com.br\/noticias\/?p=1667"},"modified":"2016-04-26T01:52:03","modified_gmt":"2016-04-26T04:52:03","slug":"gama-decide-copa-verde-no-estadio-bezerrao","status":"publish","type":"post","link":"https:\/\/www.esportesbrasilia.com.br\/noticias\/futebol\/gama-decide-copa-verde-no-estadio-bezerrao.html","title":{"rendered":"Gama decide Copa Verde no est\u00e1dio Bezerr\u00e3o"},"content":{"rendered":"<p><em>Atualizada em 26\/04\/2016 \u00e0s 01:51<\/em><\/p>\n<p>Fonte: Confedera\u00e7\u00e3o Brasileira de Futebol<\/p>\n<p>A torcida do Distrito Federal j\u00e1 pode come\u00e7ar a preparar o cora\u00e7\u00e3o, pois o Gama vai decidir a final da Copa Verde de 2016 em casa e n\u00e3o vai faltar emo\u00e7\u00e3o. Os mandos de campo das finais da competi\u00e7\u00e3o foram definidos na manh\u00e3 desta segunda-feira (25), em sorteio realizado na sede da CBF.<\/p>\n<p>O Paysandu abre a disputa no dia 4 de maio diante da torcida paraense. No dia 11, ser\u00e1 a vez do Gama ser mandante. A partida derradeira vai revelar o novo campe\u00e3o da Copa Verde.<\/p>\n<div id=\"attachment_1668\" style=\"width: 984px\" class=\"wp-caption aligncenter\"><img loading=\"lazy\" decoding=\"async\" aria-describedby=\"caption-attachment-1668\" class=\"size-full wp-image-1668\" src=\"https:\/\/www.esportesbrasilia.com.br\/noticias\/wp-content\/uploads\/sorteiocopaverde_rafaelribeiro_cbf.jpeg\" alt=\"Sorteio foi realizado na sede da CBF, no Rio de Janeiro - Foto: Rafael Ribeiro\/CBF\" width=\"974\" height=\"651\" srcset=\"https:\/\/www.esportesbrasilia.com.br\/noticias\/wp-content\/uploads\/sorteiocopaverde_rafaelribeiro_cbf.jpeg 974w, https:\/\/www.esportesbrasilia.com.br\/noticias\/wp-content\/uploads\/sorteiocopaverde_rafaelribeiro_cbf-300x201.jpeg 300w, https:\/\/www.esportesbrasilia.com.br\/noticias\/wp-content\/uploads\/sorteiocopaverde_rafaelribeiro_cbf-768x513.jpeg 768w, https:\/\/www.esportesbrasilia.com.br\/noticias\/wp-content\/uploads\/sorteiocopaverde_rafaelribeiro_cbf-696x465.jpeg 696w, https:\/\/www.esportesbrasilia.com.br\/noticias\/wp-content\/uploads\/sorteiocopaverde_rafaelribeiro_cbf-628x420.jpeg 628w\" sizes=\"auto, (max-width: 974px) 100vw, 974px\" \/><p id=\"caption-attachment-1668\" class=\"wp-caption-text\">Sorteio foi realizado na sede da CBF, no Rio de Janeiro &#8211; Foto: Rafael Ribeiro\/CBF<\/p><\/div>\n<p>Representantes das Federa\u00e7\u00f5es do Distrito Federal e do Par\u00e1 acompanharam o sorteio. Erivaldo Alves, presidente da Federa\u00e7\u00e3o do DF, comentou sobre a possibilidade de um bicampeonato para a regi\u00e3o. O Bras\u00edlia foi campe\u00e3o da primeira edi\u00e7\u00e3o. &#8220;Demos sorte aqui. Muita alegria saber que o \u00faltimo jogo ser\u00e1 no Distrito Federal. Esperamos um grande jogo, com casa cheia. J\u00e1 quero agradecer muito a torcida do DF e esperamos levar esse bicampeonato&#8221;, disse.<\/p>\n<p>&#8220;Vamos torcer para que dessa vez o t\u00edtulo fique em Bel\u00e9m. Entendo que pelo que o Paysandu vem apresentando na competi\u00e7\u00e3o, a consist\u00eancia do seu futebol, o t\u00edtulo ir\u00e1 para Bel\u00e9m mesmo com a final sendo em Bras\u00edlia&#8221;, opinou Fernando Castro, vice-presidente da Federa\u00e7\u00e3o Paraense de futebol.<\/p>\n<p>Confira as datas das finais da Copa Verde:<\/p>\n<p>03\/05 20.30 &#8211; Paysandu x Gama &#8211; Est\u00e1dio Mangueir\u00e3o &#8211; Bel\u00e9m\/PA<br \/>\n11\/05 20.00 &#8211;\u00a0Gama x Paysandu &#8211; Est\u00e1dio Bezerr\u00e3o &#8211; Gama\/DF<\/p>\n","protected":false},"excerpt":{"rendered":"<p>Atualizada em 26\/04\/2016 \u00e0s 01:51 Fonte: Confedera\u00e7\u00e3o Brasileira de Futebol A torcida do Distrito Federal j\u00e1 pode come\u00e7ar a preparar o cora\u00e7\u00e3o, pois o Gama vai decidir a final da Copa Verde de 2016 em casa e n\u00e3o vai faltar emo\u00e7\u00e3o. Os mandos de campo das finais da competi\u00e7\u00e3o foram definidos na manh\u00e3 desta segunda-feira [&hellip;]<\/p>\n","protected":false},"author":1,"featured_media":258,"comment_status":"open","ping_status":"closed","sticky":false,"template":"","format":"standard","meta":{"footnotes":""},"categories":[8],"tags":[],"class_list":["post-1667","post","type-post","status-publish","format-standard","has-post-thumbnail","hentry","category-futebol"],"_links":{"self":[{"href":"https:\/\/www.esportesbrasilia.com.br\/noticias\/wp-json\/wp\/v2\/posts\/1667","targetHints":{"allow":["GET"]}}],"collection":[{"href":"https:\/\/www.esportesbrasilia.com.br\/noticias\/wp-json\/wp\/v2\/posts"}],"about":[{"href":"https:\/\/www.esportesbrasilia.com.br\/noticias\/wp-json\/wp\/v2\/types\/post"}],"author":[{"embeddable":true,"href":"https:\/\/www.esportesbrasilia.com.br\/noticias\/wp-json\/wp\/v2\/users\/1"}],"replies":[{"embeddable":true,"href":"https:\/\/www.esportesbrasilia.com.br\/noticias\/wp-json\/wp\/v2\/comments?post=1667"}],"version-history":[{"count":3,"href":"https:\/\/www.esportesbrasilia.com.br\/noticias\/wp-json\/wp\/v2\/posts\/1667\/revisions"}],"predecessor-version":[{"id":1673,"href":"https:\/\/www.esportesbrasilia.com.br\/noticias\/wp-json\/wp\/v2\/posts\/1667\/revisions\/1673"}],"wp:featuredmedia":[{"embeddable":true,"href":"https:\/\/www.esportesbrasilia.com.br\/noticias\/wp-json\/wp\/v2\/media\/258"}],"wp:attachment":[{"href":"https:\/\/www.esportesbrasilia.com.br\/noticias\/wp-json\/wp\/v2\/media?parent=1667"}],"wp:term":[{"taxonomy":"category","embeddable":true,"href":"https:\/\/www.esportesbrasilia.com.br\/noticias\/wp-json\/wp\/v2\/categories?post=1667"},{"taxonomy":"post_tag","embeddable":true,"href":"https:\/\/www.esportesbrasilia.com.br\/noticias\/wp-json\/wp\/v2\/tags?post=1667"}],"curies":[{"name":"wp","href":"https:\/\/api.w.org\/{rel}","templated":true}]}}