{"id":16418,"date":"2021-03-02T09:54:00","date_gmt":"2021-03-02T12:54:00","guid":{"rendered":"http:\/\/www.esportesbrasilia.com.br\/noticias\/?p=16418"},"modified":"2021-03-01T23:32:42","modified_gmt":"2021-03-02T02:32:42","slug":"df-nao-muda-posicao-no-ranking-de-federacoes-e-fica-com-uma-vaga-direta-na-serie-d","status":"publish","type":"post","link":"https:\/\/www.esportesbrasilia.com.br\/noticias\/futebol\/df-nao-muda-posicao-no-ranking-de-federacoes-e-fica-com-uma-vaga-direta-na-serie-d.html","title":{"rendered":"DF n\u00e3o muda posi\u00e7\u00e3o no ranking de federa\u00e7\u00f5es e fica com uma vaga direta na S\u00e9rie D"},"content":{"rendered":"\n<p><strong>Arte: Eduardo Ronque\/FFDF<\/strong><\/p>\n\n\n\n<p>A Confedera\u00e7\u00e3o Brasileira de Futebol divulgou nesta segunda-feira (01), al\u00e9m do ranking nacional de clubes, o ranking de federa\u00e7\u00f5es estaduais. Este \u00e9 um dos crit\u00e9rios para que se determine as vagas para a quarta divis\u00e3o do futebol nacional.<\/p>\n\n\n\n<p>A Federa\u00e7\u00e3o de Futebol do Distrito Federal permaneceu, de 2020 para 2021, na 21\u00aa posi\u00e7\u00e3o dos 27 estados, com 2.237 pontos, n\u00e3o somando pontos do ano passado para c\u00e1.<\/p>\n\n\n\n<p>Com isso, o Distrito Federal ter\u00e1 uma vaga direta na quarta divis\u00e3o nacional deste ano, que pertencer\u00e1 ao Gama, atual campe\u00e3o candango, e uma vaga na pr\u00e9-s\u00e9rie D, que ser\u00e1 concedida ao Brasiliense, vice-campe\u00e3o.<\/p>\n\n\n\n<p>Al\u00e9m do DF, times de Amap\u00e1, Esp\u00edrito Santo, Mato Grosso do Sul, Piau\u00ed, Rond\u00f4nia, Roraima e Tocantins tamb\u00e9m participar\u00e3o com um time na pr\u00e9-s\u00e9rie D e um time na fase de grupos.<\/p>\n\n\n\n<p>Na lideran\u00e7a do ranking de federa\u00e7\u00f5es est\u00e1 S\u00e3o Paulo, com 84.516 pontos, seguido pelo Rio de Janeiro, com 50.134 pontos. Confira os dez primeiros no ranking:<\/p>\n\n\n\n<ol class=\"wp-block-list\"><li>S\u00e3o Paulo &#8211; 84.516<\/li><li>Rio de Janeiro &#8211; 50.134<\/li><li>Rio Grande do Sul &#8211; 45.127<\/li><li>Minas Gerais &#8211; 40.542<\/li><li>Paran\u00e1 &#8211; 33.927<\/li><li>Santa Catarina &#8211; 28.094<\/li><li>Goi\u00e1s &#8211; 21.381<\/li><li>Cear\u00e1 &#8211; 21.084<\/li><li>Bahia &#8211; 20.528<\/li><li>Pernambuco &#8211; 17.944<\/li><\/ol>\n","protected":false},"excerpt":{"rendered":"<p>Arte: Eduardo Ronque\/FFDF A Confedera\u00e7\u00e3o Brasileira de Futebol divulgou nesta segunda-feira (01), al\u00e9m do ranking nacional de clubes, o ranking de federa\u00e7\u00f5es estaduais. Este \u00e9 um dos crit\u00e9rios para que se determine as vagas para a quarta divis\u00e3o do futebol nacional. A Federa\u00e7\u00e3o de Futebol do Distrito Federal permaneceu, de 2020 para 2021, na 21\u00aa [&hellip;]<\/p>\n","protected":false},"author":2,"featured_media":16422,"comment_status":"closed","ping_status":"closed","sticky":false,"template":"","format":"standard","meta":{"footnotes":""},"categories":[8],"tags":[],"class_list":["post-16418","post","type-post","status-publish","format-standard","has-post-thumbnail","hentry","category-futebol"],"_links":{"self":[{"href":"https:\/\/www.esportesbrasilia.com.br\/noticias\/wp-json\/wp\/v2\/posts\/16418","targetHints":{"allow":["GET"]}}],"collection":[{"href":"https:\/\/www.esportesbrasilia.com.br\/noticias\/wp-json\/wp\/v2\/posts"}],"about":[{"href":"https:\/\/www.esportesbrasilia.com.br\/noticias\/wp-json\/wp\/v2\/types\/post"}],"author":[{"embeddable":true,"href":"https:\/\/www.esportesbrasilia.com.br\/noticias\/wp-json\/wp\/v2\/users\/2"}],"replies":[{"embeddable":true,"href":"https:\/\/www.esportesbrasilia.com.br\/noticias\/wp-json\/wp\/v2\/comments?post=16418"}],"version-history":[{"count":4,"href":"https:\/\/www.esportesbrasilia.com.br\/noticias\/wp-json\/wp\/v2\/posts\/16418\/revisions"}],"predecessor-version":[{"id":16423,"href":"https:\/\/www.esportesbrasilia.com.br\/noticias\/wp-json\/wp\/v2\/posts\/16418\/revisions\/16423"}],"wp:featuredmedia":[{"embeddable":true,"href":"https:\/\/www.esportesbrasilia.com.br\/noticias\/wp-json\/wp\/v2\/media\/16422"}],"wp:attachment":[{"href":"https:\/\/www.esportesbrasilia.com.br\/noticias\/wp-json\/wp\/v2\/media?parent=16418"}],"wp:term":[{"taxonomy":"category","embeddable":true,"href":"https:\/\/www.esportesbrasilia.com.br\/noticias\/wp-json\/wp\/v2\/categories?post=16418"},{"taxonomy":"post_tag","embeddable":true,"href":"https:\/\/www.esportesbrasilia.com.br\/noticias\/wp-json\/wp\/v2\/tags?post=16418"}],"curies":[{"name":"wp","href":"https:\/\/api.w.org\/{rel}","templated":true}]}}