{"id":16407,"date":"2021-02-27T21:45:42","date_gmt":"2021-02-28T00:45:42","guid":{"rendered":"http:\/\/www.esportesbrasilia.com.br\/noticias\/?p=16407"},"modified":"2021-02-27T21:51:44","modified_gmt":"2021-02-28T00:51:44","slug":"real-brasilia-contrata-extecnico-do-jacare-para-sequencia-do-candangao","status":"publish","type":"post","link":"https:\/\/www.esportesbrasilia.com.br\/noticias\/futebol\/real-brasilia-contrata-extecnico-do-jacare-para-sequencia-do-candangao.html","title":{"rendered":"Real Bras\u00edlia contrata ex-t\u00e9cnico do jacar\u00e9 para sequ\u00eancia do Candang\u00e3o"},"content":{"rendered":"\n<p>Ap\u00f3s anunciar a demiss\u00e3o da comiss\u00e3o t\u00e9cnica capitaneada por Rafael Toledo, depois de duas derrotas no Candang\u00e3o 2021, o Real Bras\u00edlia j\u00e1 tem novo treinador para a sequ\u00eancia da competi\u00e7\u00e3o.<\/p>\n\n\n\n<p>A escolha da diretoria foi por Edson Souza, de 56 anos, que teve uma sensacional passagem pelo Brasiliense na \u00faltima s\u00e9rie D do Campeonato Brasileiro. Na temporada 2020, Edson comandou o jacar\u00e9 por 17 partidas: 11 vit\u00f3rias, quatro empates e apenas duas derrotas.<\/p>\n\n\n\n<p>Edson comanda o Real Bras\u00edlia no pr\u00f3ximo jogo do Candang\u00e3o, diante do Santa Maria, em data a ser confirmada pela FFDF por conta da suspens\u00e3o da competi\u00e7\u00e3o. O aurianil \u00e9 o quinto colocado da chave A, com zero ponto.<\/p>\n","protected":false},"excerpt":{"rendered":"<p>Ap\u00f3s anunciar a demiss\u00e3o da comiss\u00e3o t\u00e9cnica capitaneada por Rafael Toledo, depois de duas derrotas no Candang\u00e3o 2021, o Real Bras\u00edlia j\u00e1 tem novo treinador para a sequ\u00eancia da competi\u00e7\u00e3o. A escolha da diretoria foi por Edson Souza, de 56 anos, que teve uma sensacional passagem pelo Brasiliense na \u00faltima s\u00e9rie D do Campeonato Brasileiro. [&hellip;]<\/p>\n","protected":false},"author":2,"featured_media":15919,"comment_status":"closed","ping_status":"closed","sticky":false,"template":"","format":"standard","meta":{"footnotes":""},"categories":[8],"tags":[],"class_list":["post-16407","post","type-post","status-publish","format-standard","has-post-thumbnail","hentry","category-futebol"],"_links":{"self":[{"href":"https:\/\/www.esportesbrasilia.com.br\/noticias\/wp-json\/wp\/v2\/posts\/16407","targetHints":{"allow":["GET"]}}],"collection":[{"href":"https:\/\/www.esportesbrasilia.com.br\/noticias\/wp-json\/wp\/v2\/posts"}],"about":[{"href":"https:\/\/www.esportesbrasilia.com.br\/noticias\/wp-json\/wp\/v2\/types\/post"}],"author":[{"embeddable":true,"href":"https:\/\/www.esportesbrasilia.com.br\/noticias\/wp-json\/wp\/v2\/users\/2"}],"replies":[{"embeddable":true,"href":"https:\/\/www.esportesbrasilia.com.br\/noticias\/wp-json\/wp\/v2\/comments?post=16407"}],"version-history":[{"count":1,"href":"https:\/\/www.esportesbrasilia.com.br\/noticias\/wp-json\/wp\/v2\/posts\/16407\/revisions"}],"predecessor-version":[{"id":16408,"href":"https:\/\/www.esportesbrasilia.com.br\/noticias\/wp-json\/wp\/v2\/posts\/16407\/revisions\/16408"}],"wp:featuredmedia":[{"embeddable":true,"href":"https:\/\/www.esportesbrasilia.com.br\/noticias\/wp-json\/wp\/v2\/media\/15919"}],"wp:attachment":[{"href":"https:\/\/www.esportesbrasilia.com.br\/noticias\/wp-json\/wp\/v2\/media?parent=16407"}],"wp:term":[{"taxonomy":"category","embeddable":true,"href":"https:\/\/www.esportesbrasilia.com.br\/noticias\/wp-json\/wp\/v2\/categories?post=16407"},{"taxonomy":"post_tag","embeddable":true,"href":"https:\/\/www.esportesbrasilia.com.br\/noticias\/wp-json\/wp\/v2\/tags?post=16407"}],"curies":[{"name":"wp","href":"https:\/\/api.w.org\/{rel}","templated":true}]}}