{"id":16402,"date":"2021-02-27T18:45:29","date_gmt":"2021-02-27T21:45:29","guid":{"rendered":"http:\/\/www.esportesbrasilia.com.br\/noticias\/?p=16402"},"modified":"2021-02-27T18:45:34","modified_gmt":"2021-02-27T21:45:34","slug":"derrotas-derrubam-comissao-tecnica-do-real-brasilia","status":"publish","type":"post","link":"https:\/\/www.esportesbrasilia.com.br\/noticias\/futebol\/derrotas-derrubam-comissao-tecnica-do-real-brasilia.html","title":{"rendered":"Derrotas derrubam comiss\u00e3o t\u00e9cnica do Real Bras\u00edlia"},"content":{"rendered":"\n<p><strong>Foto: Alan Rones\/Ceil\u00e2ndia EC<\/strong><\/p>\n\n\n\n<p>A primeira &#8220;Demiss\u00e3o da Tarde&#8221; rodou no Candang\u00e3o 2021. Ap\u00f3s as derrotas para o Ceil\u00e2ndia, por 2&#215;1, e Capital, por 3&#215;0, a diretoria do Real Bras\u00edlia optou por demitir o t\u00e9cnico Rafael Toledo.<\/p>\n\n\n\n<p>A decis\u00e3o foi anunciada no in\u00edcio da noite deste s\u00e1bado (27) nas redes sociais do aurianil candango. De acordo com a nota oficial, a sa\u00edda teria sido acertada em comum acordo entre treinador e equipe.<\/p>\n\n\n\n<p>Al\u00e9m de Rafael, o auxiliar t\u00e9cnico Johnes Santos tamb\u00e9m deixa o Real Bras\u00edlia. Ainda n\u00e3o se sabe o nome do novo treinador da equipe.<\/p>\n\n\n\n<p>O Real Bras\u00edlia volta a campo na pr\u00f3xima rodada, diante do Santa Maria. A data ainda ser\u00e1 confirmada, uma vez que o Candang\u00e3o est\u00e1 suspenso pelo lockdown imposto pelo Governo do Distrito Federal.<\/p>\n","protected":false},"excerpt":{"rendered":"<p>Foto: Alan Rones\/Ceil\u00e2ndia EC A primeira &#8220;Demiss\u00e3o da Tarde&#8221; rodou no Candang\u00e3o 2021. Ap\u00f3s as derrotas para o Ceil\u00e2ndia, por 2&#215;1, e Capital, por 3&#215;0, a diretoria do Real Bras\u00edlia optou por demitir o t\u00e9cnico Rafael Toledo. A decis\u00e3o foi anunciada no in\u00edcio da noite deste s\u00e1bado (27) nas redes sociais do aurianil candango. De [&hellip;]<\/p>\n","protected":false},"author":2,"featured_media":16403,"comment_status":"closed","ping_status":"closed","sticky":false,"template":"","format":"standard","meta":{"footnotes":""},"categories":[8],"tags":[],"class_list":["post-16402","post","type-post","status-publish","format-standard","has-post-thumbnail","hentry","category-futebol"],"_links":{"self":[{"href":"https:\/\/www.esportesbrasilia.com.br\/noticias\/wp-json\/wp\/v2\/posts\/16402","targetHints":{"allow":["GET"]}}],"collection":[{"href":"https:\/\/www.esportesbrasilia.com.br\/noticias\/wp-json\/wp\/v2\/posts"}],"about":[{"href":"https:\/\/www.esportesbrasilia.com.br\/noticias\/wp-json\/wp\/v2\/types\/post"}],"author":[{"embeddable":true,"href":"https:\/\/www.esportesbrasilia.com.br\/noticias\/wp-json\/wp\/v2\/users\/2"}],"replies":[{"embeddable":true,"href":"https:\/\/www.esportesbrasilia.com.br\/noticias\/wp-json\/wp\/v2\/comments?post=16402"}],"version-history":[{"count":1,"href":"https:\/\/www.esportesbrasilia.com.br\/noticias\/wp-json\/wp\/v2\/posts\/16402\/revisions"}],"predecessor-version":[{"id":16404,"href":"https:\/\/www.esportesbrasilia.com.br\/noticias\/wp-json\/wp\/v2\/posts\/16402\/revisions\/16404"}],"wp:featuredmedia":[{"embeddable":true,"href":"https:\/\/www.esportesbrasilia.com.br\/noticias\/wp-json\/wp\/v2\/media\/16403"}],"wp:attachment":[{"href":"https:\/\/www.esportesbrasilia.com.br\/noticias\/wp-json\/wp\/v2\/media?parent=16402"}],"wp:term":[{"taxonomy":"category","embeddable":true,"href":"https:\/\/www.esportesbrasilia.com.br\/noticias\/wp-json\/wp\/v2\/categories?post=16402"},{"taxonomy":"post_tag","embeddable":true,"href":"https:\/\/www.esportesbrasilia.com.br\/noticias\/wp-json\/wp\/v2\/tags?post=16402"}],"curies":[{"name":"wp","href":"https:\/\/api.w.org\/{rel}","templated":true}]}}