{"id":16364,"date":"2021-02-25T12:19:09","date_gmt":"2021-02-25T15:19:09","guid":{"rendered":"http:\/\/www.esportesbrasilia.com.br\/noticias\/?p=16364"},"modified":"2021-02-25T12:19:12","modified_gmt":"2021-02-25T15:19:12","slug":"apos-primeira-derrota-no-candangao-gama-anuncia-chegada-de-reforcos","status":"publish","type":"post","link":"https:\/\/www.esportesbrasilia.com.br\/noticias\/futebol\/apos-primeira-derrota-no-candangao-gama-anuncia-chegada-de-reforcos.html","title":{"rendered":"Ap\u00f3s primeira derrota no Candang\u00e3o, Gama anuncia chegada de refor\u00e7os"},"content":{"rendered":"\n<p>Depois da derrota por 1&#215;0 para o Capital no \u00faltimo s\u00e1bado (20), na abertura do Candang\u00e3o 2021, o Gama anunciou refor\u00e7os visando a pr\u00f3xima partida do alviverde, marcada para esta sexta-feira (26).<\/p>\n\n\n\n<p>De olho no Ceil\u00e2ndia, advers\u00e1rio da segunda rodada do Candang\u00e3o, o Gama trouxe o meia Ramiro, de 23 anos, que teve passagem pelo Atl\u00e9tico Catarinense\/SC, time que conquistou a terceira divis\u00e3o do futebol daquele estado em 2020. Em nove jogos, Ramiro marcou quatro gols com a camisa da \u00e1guia catarinense.<\/p>\n\n\n\n<p>O outro refor\u00e7o \u00e9 o tamb\u00e9m meia-atacante Igor Paim, de 23 anos, que estava no Serra Macaense\/RJ, equipe que disputou a terceira divis\u00e3o carioca. O jogador, que teve passagens pelo futebol uruguaio e espanhol, atuou por dez partidas na coruja carioca e n\u00e3o balan\u00e7ou as redes.<\/p>\n\n\n\n<p>O Gama volta a campo nesta sexta-feira, \u00e0s 15h30, diante do Ceil\u00e2ndia, no Abadi\u00e3o. A partida ter\u00e1 transmiss\u00e3o da <strong>Esportes Bras\u00edlia<\/strong>.<\/p>\n","protected":false},"excerpt":{"rendered":"<p>Depois da derrota por 1&#215;0 para o Capital no \u00faltimo s\u00e1bado (20), na abertura do Candang\u00e3o 2021, o Gama anunciou refor\u00e7os visando a pr\u00f3xima partida do alviverde, marcada para esta sexta-feira (26). De olho no Ceil\u00e2ndia, advers\u00e1rio da segunda rodada do Candang\u00e3o, o Gama trouxe o meia Ramiro, de 23 anos, que teve passagem pelo [&hellip;]<\/p>\n","protected":false},"author":2,"featured_media":8427,"comment_status":"closed","ping_status":"closed","sticky":false,"template":"","format":"standard","meta":{"footnotes":""},"categories":[8],"tags":[],"class_list":["post-16364","post","type-post","status-publish","format-standard","has-post-thumbnail","hentry","category-futebol"],"_links":{"self":[{"href":"https:\/\/www.esportesbrasilia.com.br\/noticias\/wp-json\/wp\/v2\/posts\/16364","targetHints":{"allow":["GET"]}}],"collection":[{"href":"https:\/\/www.esportesbrasilia.com.br\/noticias\/wp-json\/wp\/v2\/posts"}],"about":[{"href":"https:\/\/www.esportesbrasilia.com.br\/noticias\/wp-json\/wp\/v2\/types\/post"}],"author":[{"embeddable":true,"href":"https:\/\/www.esportesbrasilia.com.br\/noticias\/wp-json\/wp\/v2\/users\/2"}],"replies":[{"embeddable":true,"href":"https:\/\/www.esportesbrasilia.com.br\/noticias\/wp-json\/wp\/v2\/comments?post=16364"}],"version-history":[{"count":1,"href":"https:\/\/www.esportesbrasilia.com.br\/noticias\/wp-json\/wp\/v2\/posts\/16364\/revisions"}],"predecessor-version":[{"id":16365,"href":"https:\/\/www.esportesbrasilia.com.br\/noticias\/wp-json\/wp\/v2\/posts\/16364\/revisions\/16365"}],"wp:featuredmedia":[{"embeddable":true,"href":"https:\/\/www.esportesbrasilia.com.br\/noticias\/wp-json\/wp\/v2\/media\/8427"}],"wp:attachment":[{"href":"https:\/\/www.esportesbrasilia.com.br\/noticias\/wp-json\/wp\/v2\/media?parent=16364"}],"wp:term":[{"taxonomy":"category","embeddable":true,"href":"https:\/\/www.esportesbrasilia.com.br\/noticias\/wp-json\/wp\/v2\/categories?post=16364"},{"taxonomy":"post_tag","embeddable":true,"href":"https:\/\/www.esportesbrasilia.com.br\/noticias\/wp-json\/wp\/v2\/tags?post=16364"}],"curies":[{"name":"wp","href":"https:\/\/api.w.org\/{rel}","templated":true}]}}