{"id":16299,"date":"2021-02-20T09:21:35","date_gmt":"2021-02-20T12:21:35","guid":{"rendered":"http:\/\/www.esportesbrasilia.com.br\/noticias\/?p=16299"},"modified":"2021-02-20T01:21:47","modified_gmt":"2021-02-20T04:21:47","slug":"estreia-do-unai-no-candangao-2021-esta-confirmada-para-o-interior-mineiro","status":"publish","type":"post","link":"https:\/\/www.esportesbrasilia.com.br\/noticias\/futebol\/estreia-do-unai-no-candangao-2021-esta-confirmada-para-o-interior-mineiro.html","title":{"rendered":"Estreia do Una\u00ed no Candang\u00e3o 2021 est\u00e1 confirmada para o interior mineiro"},"content":{"rendered":"\n<p><strong>Foto: Radio Veredas\/Divulga\u00e7\u00e3o<\/strong><\/p>\n\n\n\n<p>O Una\u00ed estreia neste domingo (21), no Candang\u00e3o 2021. A partida acontece diante do Formosa Esporte, \u00e0s 15h30, no est\u00e1dio Urbano Adjuto.<\/p>\n\n\n\n<p>Por conta do aumento da pandemia da Covid-19 no interior mineiro, existia a possibilidade de que a partida n\u00e3o pudesse acontecer no est\u00e1dio unaiense.<\/p>\n\n\n\n<p>No entanto, &#8220;nos acr\u00e9scimos&#8221;, a partida est\u00e1 confirmada para o entorno do Distrito Federal. Isso porqu\u00ea o prefeito Jos\u00e9 Gomes Branquinho assinou, nesta sexta-feira (19), o Decreto n.\u00ba 5.512, que estabelece as normas de enfrentamento \u00e0 Covid-19.<\/p>\n\n\n\n<p>O texto prev\u00ea o fechamento de clubes recreativos, quadras poliesportivas e campos de futebol pelo per\u00edodo de 15 dias, podendo o prazo ser prorrogado. Contudo, o par\u00e1grafo \u00fanico do Artigo 3\u00ba do Decreto diz que a norma n\u00e3o se aplica \u00e0s competi\u00e7\u00f5es da CBF e Federa\u00e7\u00f5es Regionais.<\/p>\n\n\n\n<p>Assim, as partidas dever\u00e3o cumprir os protocolos sanit\u00e1rios e n\u00e3o poder\u00e3o ter a presen\u00e7a de p\u00fablico, al\u00e9m de serem disputados com os port\u00f5es fechados.<\/p>\n\n\n\n<p>O Una\u00ed est\u00e1 no grupo A, ao lado de Gama, Luzi\u00e2nia, Real Bras\u00edlia, Samambaia e Taguatinga.<\/p>\n","protected":false},"excerpt":{"rendered":"<p>Foto: Radio Veredas\/Divulga\u00e7\u00e3o O Una\u00ed estreia neste domingo (21), no Candang\u00e3o 2021. A partida acontece diante do Formosa Esporte, \u00e0s 15h30, no est\u00e1dio Urbano Adjuto. Por conta do aumento da pandemia da Covid-19 no interior mineiro, existia a possibilidade de que a partida n\u00e3o pudesse acontecer no est\u00e1dio unaiense. No entanto, &#8220;nos acr\u00e9scimos&#8221;, a partida [&hellip;]<\/p>\n","protected":false},"author":2,"featured_media":16300,"comment_status":"closed","ping_status":"closed","sticky":false,"template":"","format":"standard","meta":{"footnotes":""},"categories":[8],"tags":[],"class_list":["post-16299","post","type-post","status-publish","format-standard","has-post-thumbnail","hentry","category-futebol"],"_links":{"self":[{"href":"https:\/\/www.esportesbrasilia.com.br\/noticias\/wp-json\/wp\/v2\/posts\/16299","targetHints":{"allow":["GET"]}}],"collection":[{"href":"https:\/\/www.esportesbrasilia.com.br\/noticias\/wp-json\/wp\/v2\/posts"}],"about":[{"href":"https:\/\/www.esportesbrasilia.com.br\/noticias\/wp-json\/wp\/v2\/types\/post"}],"author":[{"embeddable":true,"href":"https:\/\/www.esportesbrasilia.com.br\/noticias\/wp-json\/wp\/v2\/users\/2"}],"replies":[{"embeddable":true,"href":"https:\/\/www.esportesbrasilia.com.br\/noticias\/wp-json\/wp\/v2\/comments?post=16299"}],"version-history":[{"count":1,"href":"https:\/\/www.esportesbrasilia.com.br\/noticias\/wp-json\/wp\/v2\/posts\/16299\/revisions"}],"predecessor-version":[{"id":16301,"href":"https:\/\/www.esportesbrasilia.com.br\/noticias\/wp-json\/wp\/v2\/posts\/16299\/revisions\/16301"}],"wp:featuredmedia":[{"embeddable":true,"href":"https:\/\/www.esportesbrasilia.com.br\/noticias\/wp-json\/wp\/v2\/media\/16300"}],"wp:attachment":[{"href":"https:\/\/www.esportesbrasilia.com.br\/noticias\/wp-json\/wp\/v2\/media?parent=16299"}],"wp:term":[{"taxonomy":"category","embeddable":true,"href":"https:\/\/www.esportesbrasilia.com.br\/noticias\/wp-json\/wp\/v2\/categories?post=16299"},{"taxonomy":"post_tag","embeddable":true,"href":"https:\/\/www.esportesbrasilia.com.br\/noticias\/wp-json\/wp\/v2\/tags?post=16299"}],"curies":[{"name":"wp","href":"https:\/\/api.w.org\/{rel}","templated":true}]}}