{"id":16292,"date":"2021-02-19T14:20:25","date_gmt":"2021-02-19T17:20:25","guid":{"rendered":"http:\/\/www.esportesbrasilia.com.br\/noticias\/?p=16292"},"modified":"2021-02-19T14:20:27","modified_gmt":"2021-02-19T17:20:27","slug":"mane-garrincha-se-candidata-a-receber-decisoes-da-copa-sul-americana","status":"publish","type":"post","link":"https:\/\/www.esportesbrasilia.com.br\/noticias\/futebol\/mane-garrincha-se-candidata-a-receber-decisoes-da-copa-sul-americana.html","title":{"rendered":"Man\u00e9 Garrincha se candidata a receber decis\u00f5es da Copa Sul-Americana"},"content":{"rendered":"\n<p>A Conmebol divulgou, nesta sexta-feira (19), as cidades que se candidataram a receber partidas finais da Copa Libertadores da Am\u00e9rica e da Copa Sul-Americana nos pr\u00f3ximos anos.<\/p>\n\n\n\n<p>No Brasil, seis est\u00e1dios se candidataram a receber as decis\u00f5es. Dentre eles, est\u00e1 o est\u00e1dio Nacional Man\u00e9 Garrincha, principal palco do futebol candango. O est\u00e1dio brasiliense se candidatou para sediar as finais da Copa Sul-Americana nos anos de 2021, 2022 e 2023.<\/p>\n\n\n\n<p>Os outros est\u00e1dios no Brasil s\u00e3o: Arena Castel\u00e3o (Fortaleza), Beira-Rio (Porto Alegre), Morumbi (S\u00e3o Paulo), Arena Pernambuco (S\u00e3o Louren\u00e7o da Mata) e Arena Fonte Nova (Salvador).<\/p>\n\n\n\n<p>Desses, os est\u00e1dios de Cear\u00e1, Pernambuco e Bahia se candidataram apenas para receber decis\u00f5es da Copa Sul-Americana. O est\u00e1dio de S\u00e3o Paulo se candidatou para receber apenas a decis\u00e3o da Libertadores da Am\u00e9rica. J\u00e1 o est\u00e1dio do Rio Grande do Sul se candidatou a receber a decis\u00e3o dos dois torneios.<\/p>\n\n\n\n<p>Tamb\u00e9m se candidataram sete est\u00e1dios da Argentina, dois da Col\u00f4mbia, um do Equador, dois do Peru e um do Uruguai. A decis\u00e3o sai nos pr\u00f3ximos dias.<\/p>\n\n\n\n<p>A reportagem da <strong>Esportes Bras\u00edlia<\/strong> procurou a Arena BSB para manifestar-se a respeito. No entanto, at\u00e9 o fechamento desta mat\u00e9ria, a assessoria de imprensa da empresa que administra o est\u00e1dio n\u00e3o respondeu aos contatos. Assim que o posicionamento for enviado, esta mat\u00e9ria ser\u00e1 atualizada.<\/p>\n","protected":false},"excerpt":{"rendered":"<p>A Conmebol divulgou, nesta sexta-feira (19), as cidades que se candidataram a receber partidas finais da Copa Libertadores da Am\u00e9rica e da Copa Sul-Americana nos pr\u00f3ximos anos. No Brasil, seis est\u00e1dios se candidataram a receber as decis\u00f5es. Dentre eles, est\u00e1 o est\u00e1dio Nacional Man\u00e9 Garrincha, principal palco do futebol candango. O est\u00e1dio brasiliense se candidatou [&hellip;]<\/p>\n","protected":false},"author":2,"featured_media":2070,"comment_status":"closed","ping_status":"closed","sticky":false,"template":"","format":"standard","meta":{"footnotes":""},"categories":[8],"tags":[],"class_list":["post-16292","post","type-post","status-publish","format-standard","has-post-thumbnail","hentry","category-futebol"],"_links":{"self":[{"href":"https:\/\/www.esportesbrasilia.com.br\/noticias\/wp-json\/wp\/v2\/posts\/16292","targetHints":{"allow":["GET"]}}],"collection":[{"href":"https:\/\/www.esportesbrasilia.com.br\/noticias\/wp-json\/wp\/v2\/posts"}],"about":[{"href":"https:\/\/www.esportesbrasilia.com.br\/noticias\/wp-json\/wp\/v2\/types\/post"}],"author":[{"embeddable":true,"href":"https:\/\/www.esportesbrasilia.com.br\/noticias\/wp-json\/wp\/v2\/users\/2"}],"replies":[{"embeddable":true,"href":"https:\/\/www.esportesbrasilia.com.br\/noticias\/wp-json\/wp\/v2\/comments?post=16292"}],"version-history":[{"count":1,"href":"https:\/\/www.esportesbrasilia.com.br\/noticias\/wp-json\/wp\/v2\/posts\/16292\/revisions"}],"predecessor-version":[{"id":16293,"href":"https:\/\/www.esportesbrasilia.com.br\/noticias\/wp-json\/wp\/v2\/posts\/16292\/revisions\/16293"}],"wp:featuredmedia":[{"embeddable":true,"href":"https:\/\/www.esportesbrasilia.com.br\/noticias\/wp-json\/wp\/v2\/media\/2070"}],"wp:attachment":[{"href":"https:\/\/www.esportesbrasilia.com.br\/noticias\/wp-json\/wp\/v2\/media?parent=16292"}],"wp:term":[{"taxonomy":"category","embeddable":true,"href":"https:\/\/www.esportesbrasilia.com.br\/noticias\/wp-json\/wp\/v2\/categories?post=16292"},{"taxonomy":"post_tag","embeddable":true,"href":"https:\/\/www.esportesbrasilia.com.br\/noticias\/wp-json\/wp\/v2\/tags?post=16292"}],"curies":[{"name":"wp","href":"https:\/\/api.w.org\/{rel}","templated":true}]}}