{"id":16290,"date":"2021-02-19T11:42:06","date_gmt":"2021-02-19T14:42:06","guid":{"rendered":"http:\/\/www.esportesbrasilia.com.br\/noticias\/?p=16290"},"modified":"2021-02-19T11:42:08","modified_gmt":"2021-02-19T14:42:08","slug":"cbf-confirma-datas-das-finais-da-copa-verde-e-jacare-muda-local-da-primeira-partida","status":"publish","type":"post","link":"https:\/\/www.esportesbrasilia.com.br\/noticias\/futebol\/cbf-confirma-datas-das-finais-da-copa-verde-e-jacare-muda-local-da-primeira-partida.html","title":{"rendered":"CBF confirma datas das finais da Copa Verde e jacar\u00e9 muda local da primeira partida"},"content":{"rendered":"\n<p>A CBF confirmou, na noite desta quinta-feira (18), as datas das partidas finais da Copa Verde. A decis\u00e3o, entre Remo\/PA e Brasiliense, ser\u00e1 jogada em 180 minutos. Os 90 primeiros na capital federal e os outros 90 na capital paraense.<\/p>\n\n\n\n<p>O jogo de ida acontece neste domingo (21), \u00e0s 15h30. A partida estava marcada para o Serej\u00e3o, em Taguatinga, mas o local foi alterado para o est\u00e1dio Nacional Man\u00e9 Garrincha, na Asa Norte. Segundo a nota divulgada pela CBF, a op\u00e7\u00e3o da mudan\u00e7a foi do pr\u00f3prio Brasiliense, um dos finalistas.<\/p>\n\n\n\n<p>J\u00e1 a partida da volta acontece na pr\u00f3xima quarta-feira (24), \u00e0s 16h, no est\u00e1dio Mangueir\u00e3o, em Bel\u00e9m\/PA. <\/p>\n\n\n\n<p>Quem conquistar o t\u00edtulo da Copa Verde entrar\u00e1 diretamente nas oitavas de final da Copa do Brasil 2021.<\/p>\n","protected":false},"excerpt":{"rendered":"<p>A CBF confirmou, na noite desta quinta-feira (18), as datas das partidas finais da Copa Verde. A decis\u00e3o, entre Remo\/PA e Brasiliense, ser\u00e1 jogada em 180 minutos. Os 90 primeiros na capital federal e os outros 90 na capital paraense. O jogo de ida acontece neste domingo (21), \u00e0s 15h30. A partida estava marcada para [&hellip;]<\/p>\n","protected":false},"author":2,"featured_media":15747,"comment_status":"closed","ping_status":"closed","sticky":false,"template":"","format":"standard","meta":{"footnotes":""},"categories":[8],"tags":[],"class_list":["post-16290","post","type-post","status-publish","format-standard","has-post-thumbnail","hentry","category-futebol"],"_links":{"self":[{"href":"https:\/\/www.esportesbrasilia.com.br\/noticias\/wp-json\/wp\/v2\/posts\/16290","targetHints":{"allow":["GET"]}}],"collection":[{"href":"https:\/\/www.esportesbrasilia.com.br\/noticias\/wp-json\/wp\/v2\/posts"}],"about":[{"href":"https:\/\/www.esportesbrasilia.com.br\/noticias\/wp-json\/wp\/v2\/types\/post"}],"author":[{"embeddable":true,"href":"https:\/\/www.esportesbrasilia.com.br\/noticias\/wp-json\/wp\/v2\/users\/2"}],"replies":[{"embeddable":true,"href":"https:\/\/www.esportesbrasilia.com.br\/noticias\/wp-json\/wp\/v2\/comments?post=16290"}],"version-history":[{"count":1,"href":"https:\/\/www.esportesbrasilia.com.br\/noticias\/wp-json\/wp\/v2\/posts\/16290\/revisions"}],"predecessor-version":[{"id":16291,"href":"https:\/\/www.esportesbrasilia.com.br\/noticias\/wp-json\/wp\/v2\/posts\/16290\/revisions\/16291"}],"wp:featuredmedia":[{"embeddable":true,"href":"https:\/\/www.esportesbrasilia.com.br\/noticias\/wp-json\/wp\/v2\/media\/15747"}],"wp:attachment":[{"href":"https:\/\/www.esportesbrasilia.com.br\/noticias\/wp-json\/wp\/v2\/media?parent=16290"}],"wp:term":[{"taxonomy":"category","embeddable":true,"href":"https:\/\/www.esportesbrasilia.com.br\/noticias\/wp-json\/wp\/v2\/categories?post=16290"},{"taxonomy":"post_tag","embeddable":true,"href":"https:\/\/www.esportesbrasilia.com.br\/noticias\/wp-json\/wp\/v2\/tags?post=16290"}],"curies":[{"name":"wp","href":"https:\/\/api.w.org\/{rel}","templated":true}]}}