{"id":16120,"date":"2021-01-28T19:24:47","date_gmt":"2021-01-28T22:24:47","guid":{"rendered":"http:\/\/www.esportesbrasilia.com.br\/noticias\/?p=16120"},"modified":"2021-01-28T19:31:38","modified_gmt":"2021-01-28T22:31:38","slug":"brasiliense-definira-vaga-para-as-semifinais-da-copa-verde-em-casa","status":"publish","type":"post","link":"https:\/\/www.esportesbrasilia.com.br\/noticias\/futebol\/brasiliense-definira-vaga-para-as-semifinais-da-copa-verde-em-casa.html","title":{"rendered":"Brasiliense definir\u00e1 vaga para as semifinais da Copa Verde em Casa"},"content":{"rendered":"\n<p>Em sorteio realizado nesta quinta-feira (28) na sede da CBF, foram definidos os mandos de campo das quartas de final da Copa Verde.<\/p>\n\n\n\n<p>\u00danico representante candango que ainda permanece na competi\u00e7\u00e3o, o Brasiliense definir\u00e1 a vaga em casa. Segundo o sorteio, a partida de ida diante do Atl\u00e9tico\/GO ser\u00e1 disputada no est\u00e1dio Ant\u00f4nio Accioly, em Goi\u00e2nia\/GO. J\u00e1 o jogo da volta ser\u00e1 no est\u00e1dio Serej\u00e3o, em Taguatinga.<\/p>\n\n\n\n<p>Quem vencer, recebe quem passar do confronto entre Cuiab\u00e1\/MT e Vila Nova\/GO ou Palmas\/TO. Do outro lado, quem seguir do confronto entre Manaus\/AM e Paysandu\/PA enfrentar\u00e1 o vencedor dos paraenses Remo e Independente.<\/p>\n\n\n\n<p>Confira como est\u00e3o os confrontos das quartas de final da Copa Verde 2020 (os times que est\u00e3o como visitantes sediar\u00e3o a partida de volta):<\/p>\n\n\n\n<figure class=\"wp-block-table is-style-stripes\"><table><tbody><tr><td><strong>A<\/strong><\/td><td>Manaus\/AM x Paysandu\/PA<\/td><\/tr><tr><td><strong>B<\/strong><\/td><td>Remo\/PA x Independente\/PA<\/td><\/tr><tr><td><strong>C<\/strong><\/td><td>Cuiab\u00e1\/MT x Vila Nova\/GO &#8211; Palmas\/TO<\/td><\/tr><tr><td><strong>D<\/strong><\/td><td>Atl\u00e9tico\/GO x <strong>Brasiliense<\/strong><\/td><\/tr><\/tbody><\/table><\/figure>\n\n\n\n<p>As datas das partidas ainda ser\u00e3o confirmadas pela CBF.<\/p>\n","protected":false},"excerpt":{"rendered":"<p>Em sorteio realizado nesta quinta-feira (28) na sede da CBF, foram definidos os mandos de campo das quartas de final da Copa Verde. \u00danico representante candango que ainda permanece na competi\u00e7\u00e3o, o Brasiliense definir\u00e1 a vaga em casa. Segundo o sorteio, a partida de ida diante do Atl\u00e9tico\/GO ser\u00e1 disputada no est\u00e1dio Ant\u00f4nio Accioly, em [&hellip;]<\/p>\n","protected":false},"author":2,"featured_media":15747,"comment_status":"closed","ping_status":"closed","sticky":false,"template":"","format":"standard","meta":{"footnotes":""},"categories":[8],"tags":[],"class_list":["post-16120","post","type-post","status-publish","format-standard","has-post-thumbnail","hentry","category-futebol"],"_links":{"self":[{"href":"https:\/\/www.esportesbrasilia.com.br\/noticias\/wp-json\/wp\/v2\/posts\/16120","targetHints":{"allow":["GET"]}}],"collection":[{"href":"https:\/\/www.esportesbrasilia.com.br\/noticias\/wp-json\/wp\/v2\/posts"}],"about":[{"href":"https:\/\/www.esportesbrasilia.com.br\/noticias\/wp-json\/wp\/v2\/types\/post"}],"author":[{"embeddable":true,"href":"https:\/\/www.esportesbrasilia.com.br\/noticias\/wp-json\/wp\/v2\/users\/2"}],"replies":[{"embeddable":true,"href":"https:\/\/www.esportesbrasilia.com.br\/noticias\/wp-json\/wp\/v2\/comments?post=16120"}],"version-history":[{"count":3,"href":"https:\/\/www.esportesbrasilia.com.br\/noticias\/wp-json\/wp\/v2\/posts\/16120\/revisions"}],"predecessor-version":[{"id":16125,"href":"https:\/\/www.esportesbrasilia.com.br\/noticias\/wp-json\/wp\/v2\/posts\/16120\/revisions\/16125"}],"wp:featuredmedia":[{"embeddable":true,"href":"https:\/\/www.esportesbrasilia.com.br\/noticias\/wp-json\/wp\/v2\/media\/15747"}],"wp:attachment":[{"href":"https:\/\/www.esportesbrasilia.com.br\/noticias\/wp-json\/wp\/v2\/media?parent=16120"}],"wp:term":[{"taxonomy":"category","embeddable":true,"href":"https:\/\/www.esportesbrasilia.com.br\/noticias\/wp-json\/wp\/v2\/categories?post=16120"},{"taxonomy":"post_tag","embeddable":true,"href":"https:\/\/www.esportesbrasilia.com.br\/noticias\/wp-json\/wp\/v2\/tags?post=16120"}],"curies":[{"name":"wp","href":"https:\/\/api.w.org\/{rel}","templated":true}]}}