{"id":16107,"date":"2021-01-27T19:53:32","date_gmt":"2021-01-27T22:53:32","guid":{"rendered":"http:\/\/www.esportesbrasilia.com.br\/noticias\/?p=16107"},"modified":"2021-01-27T19:53:35","modified_gmt":"2021-01-27T22:53:35","slug":"em-entrevista-exclusiva-tecnico-analisa-o-gama-na-copa-verde-e-projeta-candangao","status":"publish","type":"post","link":"https:\/\/www.esportesbrasilia.com.br\/noticias\/futebol\/em-entrevista-exclusiva-tecnico-analisa-o-gama-na-copa-verde-e-projeta-candangao.html","title":{"rendered":"Em entrevista exclusiva, t\u00e9cnico analisa o Gama na Copa Verde e projeta Candang\u00e3o"},"content":{"rendered":"\n<p>Ap\u00f3s a vit\u00f3ria do Remo por 1&#215;0, no est\u00e1dio Mangueir\u00e3o, em Bel\u00e9m\/PA, o Gama encerrou a participa\u00e7\u00e3o na disputa da Copa Verde, fechando &#8211; de vez &#8211; a temporada 2020 do futebol. Agora, as aten\u00e7\u00f5es do alviverde voltam-se para a estreia do Candang\u00e3o 2021, que acontece diante do Capital, em 21 de fevereiro.<\/p>\n\n\n\n<p>Na sa\u00edda do campo de jogo, em entrevista exclusiva \u00e0 <strong>Esportes Bras\u00edlia<\/strong>, o t\u00e9cnico Victor Santana analisou a partida. &#8220;Tomamos um gol de bola parada, onde, o que eu mais alertei, era essa quest\u00e3o. Voltamos melhor no segundo tempo, tivemos muitas chances e tive que abrir o time, mas infelizmente a vit\u00f3ria n\u00e3o veio&#8221;, disse o treinador.<\/p>\n\n\n\n<p>&#8220;Faltou acertar o segundo passe, pois a bola rondava a \u00e1rea do Remo e n\u00e3o conseguimos. Agora \u00e9 trabalhar, o ano est\u00e1 s\u00f3 come\u00e7ando pra gente. \u00c9 o come\u00e7o de um trabalho e tenho certeza que, passo a passo, vamos longe com esse time&#8221;, completou o treinador.<\/p>\n\n\n\n<p>Victor Santana tamb\u00e9m contou da expectativa para o Candang\u00e3o 2021, falando dos pontos que precisam mudar para a temporada que inicia em breve. &#8220;As equipes est\u00e3o se refor\u00e7ando, e n\u00f3s vamos ter que trabalhar muito para conseguir os objetivos. Passo a passo, com tranquilidade, vamos ajustando. Foi bom esses dois jogos terem acontecido, pois serviu para analisar. Vamos ajustar os erros e melhorar cada vez mais. Agora, \u00e9 evoluir para come\u00e7ar bem no Candang\u00e3o&#8221;, ressaltou.<\/p>\n\n\n\n<figure class=\"wp-block-image size-large\"><img loading=\"lazy\" decoding=\"async\" width=\"1024\" height=\"576\" src=\"https:\/\/www.esportesbrasilia.com.br\/noticias\/wp-content\/uploads\/image-2-1024x576.png\" alt=\"\" class=\"wp-image-16108\" srcset=\"https:\/\/www.esportesbrasilia.com.br\/noticias\/wp-content\/uploads\/image-2-1024x576.png 1024w, https:\/\/www.esportesbrasilia.com.br\/noticias\/wp-content\/uploads\/image-2-300x169.png 300w, https:\/\/www.esportesbrasilia.com.br\/noticias\/wp-content\/uploads\/image-2-768x432.png 768w, https:\/\/www.esportesbrasilia.com.br\/noticias\/wp-content\/uploads\/image-2.png 1366w\" sizes=\"auto, (max-width: 1024px) 100vw, 1024px\" \/><figcaption>T\u00e9cnico do Gama atendeu a reportagem da <strong>Esportes Bras\u00edlia<\/strong> ao fim do jogo contra o Remo &#8211; Foto: Reprodu\u00e7\u00e3o\/YouTube<\/figcaption><\/figure>\n\n\n\n<p>Questionado sobre que li\u00e7\u00e3o tira da participa\u00e7\u00e3o do Gama na \u00faltima competi\u00e7\u00e3o da temporada 2020, Victor sai esperan\u00e7oso e projeta uma boa chegada do alviverde em 2021. &#8220;Tiro mais esse jogo do Remo como li\u00e7\u00e3o. Temos que acreditar cada vez mais, pois d\u00e1 para fazer bons jogos. E sempre acreditar que, trabalhando certinho, vamos longe com esse time. \u00c9 quest\u00e3o de paci\u00eancia, trabalhar bastante e pode ter certeza que vamos longe&#8221;, finalizou Santana.<\/p>\n","protected":false},"excerpt":{"rendered":"<p>Ap\u00f3s a vit\u00f3ria do Remo por 1&#215;0, no est\u00e1dio Mangueir\u00e3o, em Bel\u00e9m\/PA, o Gama encerrou a participa\u00e7\u00e3o na disputa da Copa Verde, fechando &#8211; de vez &#8211; a temporada 2020 do futebol. Agora, as aten\u00e7\u00f5es do alviverde voltam-se para a estreia do Candang\u00e3o 2021, que acontece diante do Capital, em 21 de fevereiro. Na sa\u00edda [&hellip;]<\/p>\n","protected":false},"author":2,"featured_media":8427,"comment_status":"closed","ping_status":"closed","sticky":false,"template":"","format":"standard","meta":{"footnotes":""},"categories":[8],"tags":[],"class_list":["post-16107","post","type-post","status-publish","format-standard","has-post-thumbnail","hentry","category-futebol"],"_links":{"self":[{"href":"https:\/\/www.esportesbrasilia.com.br\/noticias\/wp-json\/wp\/v2\/posts\/16107","targetHints":{"allow":["GET"]}}],"collection":[{"href":"https:\/\/www.esportesbrasilia.com.br\/noticias\/wp-json\/wp\/v2\/posts"}],"about":[{"href":"https:\/\/www.esportesbrasilia.com.br\/noticias\/wp-json\/wp\/v2\/types\/post"}],"author":[{"embeddable":true,"href":"https:\/\/www.esportesbrasilia.com.br\/noticias\/wp-json\/wp\/v2\/users\/2"}],"replies":[{"embeddable":true,"href":"https:\/\/www.esportesbrasilia.com.br\/noticias\/wp-json\/wp\/v2\/comments?post=16107"}],"version-history":[{"count":1,"href":"https:\/\/www.esportesbrasilia.com.br\/noticias\/wp-json\/wp\/v2\/posts\/16107\/revisions"}],"predecessor-version":[{"id":16109,"href":"https:\/\/www.esportesbrasilia.com.br\/noticias\/wp-json\/wp\/v2\/posts\/16107\/revisions\/16109"}],"wp:featuredmedia":[{"embeddable":true,"href":"https:\/\/www.esportesbrasilia.com.br\/noticias\/wp-json\/wp\/v2\/media\/8427"}],"wp:attachment":[{"href":"https:\/\/www.esportesbrasilia.com.br\/noticias\/wp-json\/wp\/v2\/media?parent=16107"}],"wp:term":[{"taxonomy":"category","embeddable":true,"href":"https:\/\/www.esportesbrasilia.com.br\/noticias\/wp-json\/wp\/v2\/categories?post=16107"},{"taxonomy":"post_tag","embeddable":true,"href":"https:\/\/www.esportesbrasilia.com.br\/noticias\/wp-json\/wp\/v2\/tags?post=16107"}],"curies":[{"name":"wp","href":"https:\/\/api.w.org\/{rel}","templated":true}]}}