{"id":16051,"date":"2021-01-18T18:31:34","date_gmt":"2021-01-18T21:31:34","guid":{"rendered":"http:\/\/www.esportesbrasilia.com.br\/noticias\/?p=16051"},"modified":"2021-01-18T18:31:36","modified_gmt":"2021-01-18T21:31:36","slug":"ala-pivo-deixa-brasilia-basquete-em-pleno-nbb-13-e-vai-para-time-paulista","status":"publish","type":"post","link":"https:\/\/www.esportesbrasilia.com.br\/noticias\/basquete\/ala-pivo-deixa-brasilia-basquete-em-pleno-nbb-13-e-vai-para-time-paulista.html","title":{"rendered":"Ala\/piv\u00f4 deixa Bras\u00edlia Basquete em pleno NBB 13 e vai para time paulista"},"content":{"rendered":"\n<p>O Bras\u00edlia Basquete perdeu um dos importantes jogadores para o restante da temporada 2020\/2021 do Novo Basquete Brasil. O ala\/piv\u00f4 Diego Concei\u00e7\u00e3o n\u00e3o veste mais a camisa do time candango.<\/p>\n\n\n\n<p>O jogador foi anunciado, nesta segunda-feira (18), como novo refor\u00e7o do Bauru Basket para a sequ\u00eancia da competi\u00e7\u00e3o nacional. A divulga\u00e7\u00e3o da contrata\u00e7\u00e3o de Diego foi revelada nas redes sociais do drag\u00e3o paulista.<\/p>\n\n\n\n<blockquote class=\"twitter-tweet\"><p lang=\"pt\" dir=\"ltr\">Tem gente nova vestindo a camisa e torcendo pelo Drag\u00e3o. Seja bem-vindo, @diegosancon15. N\u00e3o vemos a hora de voc\u00ea defender nossas cores no <a href=\"https:\/\/twitter.com\/NBB?ref_src=twsrc%5Etfw\">@nbb<\/a>! &#x1f49a;&#x1f432;&#x1f4a5; <a href=\"https:\/\/twitter.com\/hashtag\/SalveVerde?src=hash&amp;ref_src=twsrc%5Etfw\">#SalveVerde<\/a> <a href=\"https:\/\/twitter.com\/hashtag\/FogoNeles?src=hash&amp;ref_src=twsrc%5Etfw\">#FogoNeles<\/a> <a href=\"https:\/\/t.co\/NxHAyzQ8gI\">pic.twitter.com\/NxHAyzQ8gI<\/a><\/p>&mdash; Bauru Basket (@BauruBasket) <a href=\"https:\/\/twitter.com\/BauruBasket\/status\/1351254240828792832?ref_src=twsrc%5Etfw\">January 18, 2021<\/a><\/blockquote> <script async src=\"https:\/\/platform.twitter.com\/widgets.js\" charset=\"utf-8\"><\/script>\n\n\n\n<p>Por esta edi\u00e7\u00e3o do Novo Basquete Brasil, Diego teve uma m\u00e9dia de 12,2 pontos por jogo, em cerca de 31,5 minutos em quadra, al\u00e9m de uma m\u00e9dia de 6,6 rebotes e 2,5 assist\u00eancias. O recorde de pontos foi diante do Unifacisa\/PB, quando Diego anotou 22 pontos.<\/p>\n\n\n\n<figure class=\"wp-block-image size-large\"><img loading=\"lazy\" decoding=\"async\" width=\"1024\" height=\"682\" src=\"https:\/\/www.esportesbrasilia.com.br\/noticias\/wp-content\/uploads\/diegoconceicao_mm-1-1024x682.jpg\" alt=\"\" class=\"wp-image-16053\" srcset=\"https:\/\/www.esportesbrasilia.com.br\/noticias\/wp-content\/uploads\/diegoconceicao_mm-1-1024x682.jpg 1024w, https:\/\/www.esportesbrasilia.com.br\/noticias\/wp-content\/uploads\/diegoconceicao_mm-1-300x200.jpg 300w, https:\/\/www.esportesbrasilia.com.br\/noticias\/wp-content\/uploads\/diegoconceicao_mm-1-768x512.jpg 768w, https:\/\/www.esportesbrasilia.com.br\/noticias\/wp-content\/uploads\/diegoconceicao_mm-1-1536x1023.jpg 1536w, https:\/\/www.esportesbrasilia.com.br\/noticias\/wp-content\/uploads\/diegoconceicao_mm-1.jpg 1800w\" sizes=\"auto, (max-width: 1024px) 100vw, 1024px\" \/><figcaption>Diego Concei\u00e7\u00e3o \u00e9 o novo refor\u00e7o do Bauru Basket para a sequ\u00eancia do Novo Basquete Brasil &#8211; Foto: Matheus Maranh\u00e3o\/Bras\u00edlia Basquete<\/figcaption><\/figure>\n\n\n\n<p>O pr\u00f3ximo jogo do Bras\u00edlia Basquete pelo NBB \u00e9 diante do Pato Basquete, no dia 26 de janeiro, \u00e0s 11h, no gin\u00e1sio do Maracan\u00e3zinho, no Rio de Janeiro .<\/p>\n","protected":false},"excerpt":{"rendered":"<p>O Bras\u00edlia Basquete perdeu um dos importantes jogadores para o restante da temporada 2020\/2021 do Novo Basquete Brasil. O ala\/piv\u00f4 Diego Concei\u00e7\u00e3o n\u00e3o veste mais a camisa do time candango. O jogador foi anunciado, nesta segunda-feira (18), como novo refor\u00e7o do Bauru Basket para a sequ\u00eancia da competi\u00e7\u00e3o nacional. A divulga\u00e7\u00e3o da contrata\u00e7\u00e3o de Diego [&hellip;]<\/p>\n","protected":false},"author":2,"featured_media":16053,"comment_status":"closed","ping_status":"closed","sticky":false,"template":"","format":"standard","meta":{"footnotes":""},"categories":[12],"tags":[],"class_list":["post-16051","post","type-post","status-publish","format-standard","has-post-thumbnail","hentry","category-basquete"],"_links":{"self":[{"href":"https:\/\/www.esportesbrasilia.com.br\/noticias\/wp-json\/wp\/v2\/posts\/16051","targetHints":{"allow":["GET"]}}],"collection":[{"href":"https:\/\/www.esportesbrasilia.com.br\/noticias\/wp-json\/wp\/v2\/posts"}],"about":[{"href":"https:\/\/www.esportesbrasilia.com.br\/noticias\/wp-json\/wp\/v2\/types\/post"}],"author":[{"embeddable":true,"href":"https:\/\/www.esportesbrasilia.com.br\/noticias\/wp-json\/wp\/v2\/users\/2"}],"replies":[{"embeddable":true,"href":"https:\/\/www.esportesbrasilia.com.br\/noticias\/wp-json\/wp\/v2\/comments?post=16051"}],"version-history":[{"count":1,"href":"https:\/\/www.esportesbrasilia.com.br\/noticias\/wp-json\/wp\/v2\/posts\/16051\/revisions"}],"predecessor-version":[{"id":16054,"href":"https:\/\/www.esportesbrasilia.com.br\/noticias\/wp-json\/wp\/v2\/posts\/16051\/revisions\/16054"}],"wp:featuredmedia":[{"embeddable":true,"href":"https:\/\/www.esportesbrasilia.com.br\/noticias\/wp-json\/wp\/v2\/media\/16053"}],"wp:attachment":[{"href":"https:\/\/www.esportesbrasilia.com.br\/noticias\/wp-json\/wp\/v2\/media?parent=16051"}],"wp:term":[{"taxonomy":"category","embeddable":true,"href":"https:\/\/www.esportesbrasilia.com.br\/noticias\/wp-json\/wp\/v2\/categories?post=16051"},{"taxonomy":"post_tag","embeddable":true,"href":"https:\/\/www.esportesbrasilia.com.br\/noticias\/wp-json\/wp\/v2\/tags?post=16051"}],"curies":[{"name":"wp","href":"https:\/\/api.w.org\/{rel}","templated":true}]}}