{"id":16048,"date":"2021-01-18T00:25:06","date_gmt":"2021-01-18T03:25:06","guid":{"rendered":"http:\/\/www.esportesbrasilia.com.br\/noticias\/?p=16048"},"modified":"2021-01-18T00:25:09","modified_gmt":"2021-01-18T03:25:09","slug":"ala-armador-ex-cerrado-basquete-e-anunciado-como-reforco-de-time-da-nicaragua","status":"publish","type":"post","link":"https:\/\/www.esportesbrasilia.com.br\/noticias\/basquete\/ala-armador-ex-cerrado-basquete-e-anunciado-como-reforco-de-time-da-nicaragua.html","title":{"rendered":"Ala\/armador ex-Cerrado Basquete \u00e9 anunciado como refor\u00e7o de time da Nicar\u00e1gua"},"content":{"rendered":"\n<p>O ala\/armador JC Fuller n\u00e3o \u00e9 mais jogador do Cerrado Basquete. O jogador, de 26 anos, disputou a edi\u00e7\u00e3o 2020\/2021 do Novo Basquete Brasil pelo verd\u00e3o candango e deixou a equipe ao final do ano para tentar uma vaga na G-League, considerada a Liga de Desenvolvimento da NBA.<\/p>\n\n\n\n<p>Contudo, o jogador n\u00e3o foi &#8220;draftado&#8221; por nenhuma das equipes da competi\u00e7\u00e3o americana. Sem ter sido selecionado, Fuller estava no mercado. Estava, pois ap\u00f3s um m\u00eas sem entrar em quadra profissionalmente (o \u00faltimo jogo foi contra o Flamengo, em 20 de dezembro passado), o ala\/armador foi anunciado neste domingo (17) como o novo refor\u00e7o de um time da Nicar\u00e1gua.<\/p>\n\n\n\n<figure class=\"wp-block-image size-large\"><img loading=\"lazy\" decoding=\"async\" width=\"924\" height=\"616\" src=\"https:\/\/www.esportesbrasilia.com.br\/noticias\/wp-content\/uploads\/jcfuller_campina.jpeg\" alt=\"\" class=\"wp-image-16049\" srcset=\"https:\/\/www.esportesbrasilia.com.br\/noticias\/wp-content\/uploads\/jcfuller_campina.jpeg 924w, https:\/\/www.esportesbrasilia.com.br\/noticias\/wp-content\/uploads\/jcfuller_campina-300x200.jpeg 300w, https:\/\/www.esportesbrasilia.com.br\/noticias\/wp-content\/uploads\/jcfuller_campina-768x512.jpeg 768w\" sizes=\"auto, (max-width: 924px) 100vw, 924px\" \/><figcaption>JC Fuller deixa o Cerrado Basquete com uma m\u00e9dia de 15,2 pontos por jogo. Destino do ala\/armador \u00e9 a Nicar\u00e1gua &#8211; Foto: Carlos Campina\/Cerrado Basquete<\/figcaption><\/figure>\n\n\n\n<p>Jon-Christopher Fuller vai vestir a camisa do Real Estel\u00ed, equipe que participar\u00e1 da Basketball Champions League Am\u00e9ricas, novo nome dado \u00e0 antiga Liga das Am\u00e9ricas de Basquete. A confirma\u00e7\u00e3o da chegada de JC Fuller foi divulgada pelas redes sociais do time nicaraguense:<\/p>\n\n\n\n<blockquote class=\"twitter-tweet\"><p lang=\"es\" dir=\"ltr\">\u00a1Lleg\u00f3 el nuevo refuerzo para la <a href=\"https:\/\/twitter.com\/BCLAmericas?ref_src=twsrc%5Etfw\">@BCLAmericas<\/a> 2021!<br>&#x1f682;&#x1f1e6;&#x1f1f9;&#x1f3c0; <a href=\"https:\/\/t.co\/AenkarQB54\">pic.twitter.com\/AenkarQB54<\/a><\/p>&mdash; Real Estel\u00ed Basket (@RealEsteliB) <a href=\"https:\/\/twitter.com\/RealEsteliB\/status\/1350831400971345922?ref_src=twsrc%5Etfw\">January 17, 2021<\/a><\/blockquote> <script async src=\"https:\/\/platform.twitter.com\/widgets.js\" charset=\"utf-8\"><\/script>\n\n\n\n<p>Com a camisa do Cerrado Basquete, a primeira em solo brasileiro, JC Fuller teve uma m\u00e9dia de 15,2 pontos em cerca de 31 minutos em quadra, 4,2 rebotes e 3,2 assist\u00eancias. A maior pontua\u00e7\u00e3o em uma partida com a camisa do verd\u00e3o candango aconteceu diante do Bauru Basket: 27 pontos dos 81 conquistados pelo time brasiliense.<\/p>\n\n\n\n<p>O Cerrado volta \u00e0s quadras no dia 26 de janeiro, \u00e0s 17h, diante do Minas T\u00eanis Clube.<\/p>\n","protected":false},"excerpt":{"rendered":"<p>O ala\/armador JC Fuller n\u00e3o \u00e9 mais jogador do Cerrado Basquete. O jogador, de 26 anos, disputou a edi\u00e7\u00e3o 2020\/2021 do Novo Basquete Brasil pelo verd\u00e3o candango e deixou a equipe ao final do ano para tentar uma vaga na G-League, considerada a Liga de Desenvolvimento da NBA. Contudo, o jogador n\u00e3o foi &#8220;draftado&#8221; por [&hellip;]<\/p>\n","protected":false},"author":2,"featured_media":16049,"comment_status":"closed","ping_status":"closed","sticky":false,"template":"","format":"standard","meta":{"footnotes":""},"categories":[12],"tags":[],"class_list":["post-16048","post","type-post","status-publish","format-standard","has-post-thumbnail","hentry","category-basquete"],"_links":{"self":[{"href":"https:\/\/www.esportesbrasilia.com.br\/noticias\/wp-json\/wp\/v2\/posts\/16048","targetHints":{"allow":["GET"]}}],"collection":[{"href":"https:\/\/www.esportesbrasilia.com.br\/noticias\/wp-json\/wp\/v2\/posts"}],"about":[{"href":"https:\/\/www.esportesbrasilia.com.br\/noticias\/wp-json\/wp\/v2\/types\/post"}],"author":[{"embeddable":true,"href":"https:\/\/www.esportesbrasilia.com.br\/noticias\/wp-json\/wp\/v2\/users\/2"}],"replies":[{"embeddable":true,"href":"https:\/\/www.esportesbrasilia.com.br\/noticias\/wp-json\/wp\/v2\/comments?post=16048"}],"version-history":[{"count":1,"href":"https:\/\/www.esportesbrasilia.com.br\/noticias\/wp-json\/wp\/v2\/posts\/16048\/revisions"}],"predecessor-version":[{"id":16050,"href":"https:\/\/www.esportesbrasilia.com.br\/noticias\/wp-json\/wp\/v2\/posts\/16048\/revisions\/16050"}],"wp:featuredmedia":[{"embeddable":true,"href":"https:\/\/www.esportesbrasilia.com.br\/noticias\/wp-json\/wp\/v2\/media\/16049"}],"wp:attachment":[{"href":"https:\/\/www.esportesbrasilia.com.br\/noticias\/wp-json\/wp\/v2\/media?parent=16048"}],"wp:term":[{"taxonomy":"category","embeddable":true,"href":"https:\/\/www.esportesbrasilia.com.br\/noticias\/wp-json\/wp\/v2\/categories?post=16048"},{"taxonomy":"post_tag","embeddable":true,"href":"https:\/\/www.esportesbrasilia.com.br\/noticias\/wp-json\/wp\/v2\/tags?post=16048"}],"curies":[{"name":"wp","href":"https:\/\/api.w.org\/{rel}","templated":true}]}}