{"id":16044,"date":"2021-01-16T15:49:34","date_gmt":"2021-01-16T18:49:34","guid":{"rendered":"http:\/\/www.esportesbrasilia.com.br\/noticias\/?p=16044"},"modified":"2021-01-16T15:49:52","modified_gmt":"2021-01-16T18:49:52","slug":"jobson-pode-voltar-ao-df-e-vestir-camisa-de-bicampeao-candango-afirma-jornal","status":"publish","type":"post","link":"https:\/\/www.esportesbrasilia.com.br\/noticias\/futebol\/jobson-pode-voltar-ao-df-e-vestir-camisa-de-bicampeao-candango-afirma-jornal.html","title":{"rendered":"Jobson pode voltar ao DF e vestir camisa de bicampe\u00e3o candango, afirma jornal"},"content":{"rendered":"\n<p><strong>Foto: Divulga\u00e7\u00e3o\/Brasiliense FC<\/strong><\/p>\n\n\n\n<p>Um dos grandes nomes do futebol brasileiro pode voltar a atuar com a camisa de um time que participa do Candang\u00e3o. Isso porqu\u00ea o destino deste atleta pode ser o azulino goiano.<\/p>\n\n\n\n<p>Estamos falando de Jobson, de 32 anos. O atacante pode ser anunciado, a qualquer momento, como o novo refor\u00e7o do Luzi\u00e2nia para o Candang\u00e3o 2021. Segundo o <em>Correio Braziliense<\/em>, o jogador deve se apresentar para a pr\u00e9-temporada do bicampe\u00e3o candango nos pr\u00f3ximos dias.<\/p>\n\n\n\n<p>De acordo com o peri\u00f3dico, quem confirmou a negocia\u00e7\u00e3o foi o presidente do Luzi\u00e2nia, Armelindo Fel\u00edcio. &#8220;Estamos negociando. Faltam apenas os exames m\u00e9dicos e o parecer do nosso jur\u00eddico sobre o contrato. Esperamos oficializar at\u00e9 segunda-feira&#8221;, disse ao <em>Correio<\/em>.<\/p>\n\n\n\n<p>A equipe goiana vai realizar a prepara\u00e7\u00e3o para a estreia do Candang\u00e3o 2021, diante do Brasiliense, na cidade de Caldas Novas\/GO. Se confirmada, esta ser\u00e1 a volta de Jobson ao futebol candango desde a sa\u00edda do Brasiliense em 2019. O \u00faltimo clube do atacante foi o Campinense\/PB, para a disputa da S\u00e9rie D de 2020.<\/p>\n\n\n\n<p>At\u00e9 o fechamento desta mat\u00e9ria, o nome de Jobson n\u00e3o havia sido publicado no Boletim Informativo Di\u00e1rio da CBF (Bid-E).<\/p>\n","protected":false},"excerpt":{"rendered":"<p>Foto: Divulga\u00e7\u00e3o\/Brasiliense FC Um dos grandes nomes do futebol brasileiro pode voltar a atuar com a camisa de um time que participa do Candang\u00e3o. Isso porqu\u00ea o destino deste atleta pode ser o azulino goiano. Estamos falando de Jobson, de 32 anos. O atacante pode ser anunciado, a qualquer momento, como o novo refor\u00e7o do [&hellip;]<\/p>\n","protected":false},"author":2,"featured_media":11817,"comment_status":"closed","ping_status":"closed","sticky":false,"template":"","format":"standard","meta":{"footnotes":""},"categories":[8],"tags":[],"class_list":["post-16044","post","type-post","status-publish","format-standard","has-post-thumbnail","hentry","category-futebol"],"_links":{"self":[{"href":"https:\/\/www.esportesbrasilia.com.br\/noticias\/wp-json\/wp\/v2\/posts\/16044","targetHints":{"allow":["GET"]}}],"collection":[{"href":"https:\/\/www.esportesbrasilia.com.br\/noticias\/wp-json\/wp\/v2\/posts"}],"about":[{"href":"https:\/\/www.esportesbrasilia.com.br\/noticias\/wp-json\/wp\/v2\/types\/post"}],"author":[{"embeddable":true,"href":"https:\/\/www.esportesbrasilia.com.br\/noticias\/wp-json\/wp\/v2\/users\/2"}],"replies":[{"embeddable":true,"href":"https:\/\/www.esportesbrasilia.com.br\/noticias\/wp-json\/wp\/v2\/comments?post=16044"}],"version-history":[{"count":1,"href":"https:\/\/www.esportesbrasilia.com.br\/noticias\/wp-json\/wp\/v2\/posts\/16044\/revisions"}],"predecessor-version":[{"id":16045,"href":"https:\/\/www.esportesbrasilia.com.br\/noticias\/wp-json\/wp\/v2\/posts\/16044\/revisions\/16045"}],"wp:featuredmedia":[{"embeddable":true,"href":"https:\/\/www.esportesbrasilia.com.br\/noticias\/wp-json\/wp\/v2\/media\/11817"}],"wp:attachment":[{"href":"https:\/\/www.esportesbrasilia.com.br\/noticias\/wp-json\/wp\/v2\/media?parent=16044"}],"wp:term":[{"taxonomy":"category","embeddable":true,"href":"https:\/\/www.esportesbrasilia.com.br\/noticias\/wp-json\/wp\/v2\/categories?post=16044"},{"taxonomy":"post_tag","embeddable":true,"href":"https:\/\/www.esportesbrasilia.com.br\/noticias\/wp-json\/wp\/v2\/tags?post=16044"}],"curies":[{"name":"wp","href":"https:\/\/api.w.org\/{rel}","templated":true}]}}